{"id":943,"date":"2018-10-03T21:32:59","date_gmt":"2018-10-03T21:32:59","guid":{"rendered":"https:\/\/elfogoncal.com.uy\/web\/?p=943"},"modified":"2018-10-03T21:36:23","modified_gmt":"2018-10-03T21:36:23","slug":"asamblea-general-extraordinaria-2018-2","status":"publish","type":"post","link":"https:\/\/elfogoncal.com.uy\/web\/?p=943","title":{"rendered":"ASAMBLEA GENERAL EXTRAORDINARIA 2018 &#8211; 08.00hs"},"content":{"rendered":"<h3>El Fog\u00f3n Cooperativa Agraria Limitada lo invita a participar de la <strong>asamblea general <\/strong><br \/>\n<strong>extraordinaria<\/strong> a realizarse el s\u00e1bado <strong>20 de Octubre de 2018<\/strong>, en la sede central de nuestra cooperativa, <strong>Presidente Berro 752, Sarand\u00ed del Y\u00ed, Durazno.<\/strong><\/h3>\n<h3>El Orden del d\u00eda ser\u00e1 el siguiente:<\/h3>\n<h3><strong>1. Actualizaci\u00f3n de Padr\u00f3n Social<\/strong><\/h3>\n<h3>Primer llamado a las 08.00 hs y segundo llamado a las 09.00 hs.<br \/>\nPor informes: Tel\u00e9fonos: 4367 9284 \u2013 4367 9066 \/ Email: info@elfogoncal.com.uy www.elfogoncal.com.uy<\/h3>\n","protected":false},"excerpt":{"rendered":"<p>El Fog\u00f3n Cooperativa Agraria Limitada lo invita a participar de la asamblea general extraordinaria a realizarse el s\u00e1bado 20 de Octubre de 2018, en la sede central de nuestra cooperativa, Presidente Berro 752, Sarand\u00ed del Y\u00ed, Durazno. El Orden del d\u00eda ser\u00e1 el siguiente: 1. Actualizaci\u00f3n de Padr\u00f3n Social Primer llamado a las 08.00 hs [&hellip;]<\/p>\n","protected":false},"author":1,"featured_media":473,"comment_status":"open","ping_status":"open","sticky":false,"template":"","format":"standard","meta":{"footnotes":""},"categories":[2],"tags":[],"class_list":["post-943","post","type-post","status-publish","format-standard","has-post-thumbnail","hentry","category-noticias"],"_links":{"self":[{"href":"https:\/\/elfogoncal.com.uy\/web\/index.php?rest_route=\/wp\/v2\/posts\/943","targetHints":{"allow":["GET"]}}],"collection":[{"href":"https:\/\/elfogoncal.com.uy\/web\/index.php?rest_route=\/wp\/v2\/posts"}],"about":[{"href":"https:\/\/elfogoncal.com.uy\/web\/index.php?rest_route=\/wp\/v2\/types\/post"}],"author":[{"embeddable":true,"href":"https:\/\/elfogoncal.com.uy\/web\/index.php?rest_route=\/wp\/v2\/users\/1"}],"replies":[{"embeddable":true,"href":"https:\/\/elfogoncal.com.uy\/web\/index.php?rest_route=%2Fwp%2Fv2%2Fcomments&post=943"}],"version-history":[{"count":3,"href":"https:\/\/elfogoncal.com.uy\/web\/index.php?rest_route=\/wp\/v2\/posts\/943\/revisions"}],"predecessor-version":[{"id":948,"href":"https:\/\/elfogoncal.com.uy\/web\/index.php?rest_route=\/wp\/v2\/posts\/943\/revisions\/948"}],"wp:featuredmedia":[{"embeddable":true,"href":"https:\/\/elfogoncal.com.uy\/web\/index.php?rest_route=\/wp\/v2\/media\/473"}],"wp:attachment":[{"href":"https:\/\/elfogoncal.com.uy\/web\/index.php?rest_route=%2Fwp%2Fv2%2Fmedia&parent=943"}],"wp:term":[{"taxonomy":"category","embeddable":true,"href":"https:\/\/elfogoncal.com.uy\/web\/index.php?rest_route=%2Fwp%2Fv2%2Fcategories&post=943"},{"taxonomy":"post_tag","embeddable":true,"href":"https:\/\/elfogoncal.com.uy\/web\/index.php?rest_route=%2Fwp%2Fv2%2Ftags&post=943"}],"curies":[{"name":"wp","href":"https:\/\/api.w.org\/{rel}","templated":true}]}}