{"id":941,"date":"2018-10-03T21:26:49","date_gmt":"2018-10-03T21:26:49","guid":{"rendered":"https:\/\/elfogoncal.com.uy\/web\/?p=941"},"modified":"2018-10-03T21:37:42","modified_gmt":"2018-10-03T21:37:42","slug":"asamblea-general-extraordinaria-2018","status":"publish","type":"post","link":"https:\/\/elfogoncal.com.uy\/web\/?p=941","title":{"rendered":"ASAMBLEA GENERAL EXTRAORDINARIA 2018 &#8211; 9.15hs"},"content":{"rendered":"<h3>El Fog\u00f3n Cooperativa Agraria Limitada lo invita a participar de la <strong>asamblea general extraordinaria<\/strong> a realizarse el s\u00e1bado <strong>20 de Octubre<\/strong> de 2018, en la sede central de nuestra cooperativa,<strong> Presidente Berro 752, Sarand\u00ed del Y\u00ed, Durazno.<\/strong><\/h3>\n<h3>El Orden del d\u00eda ser\u00e1 el siguiente:<\/h3>\n<h3><strong>1. Reforma de estatutos, a efectos de adecuarlos a la Ley 18.407.<\/strong><\/h3>\n<h3>Primer llamado a las 09.15 hs y segundo llamado a las 10.15 hs.<br \/>\nAl finalizar compartiremos un brindis de camarader\u00eda.<\/h3>\n<h3><strong>Por informes:<\/strong> Tel\u00e9fonos: 4367 9284 \u2013 4367 9066 \/ Email: info@elfogoncal.com.uy \/\u00a0 www.elfogoncal.com.uy<\/h3>\n","protected":false},"excerpt":{"rendered":"<p>El Fog\u00f3n Cooperativa Agraria Limitada lo invita a participar de la asamblea general extraordinaria a realizarse el s\u00e1bado 20 de Octubre de 2018, en la sede central de nuestra cooperativa, Presidente Berro 752, Sarand\u00ed del Y\u00ed, Durazno. El Orden del d\u00eda ser\u00e1 el siguiente: 1. Reforma de estatutos, a efectos de adecuarlos a la Ley [&hellip;]<\/p>\n","protected":false},"author":1,"featured_media":473,"comment_status":"open","ping_status":"open","sticky":false,"template":"","format":"standard","meta":{"footnotes":""},"categories":[2],"tags":[],"class_list":["post-941","post","type-post","status-publish","format-standard","has-post-thumbnail","hentry","category-noticias"],"_links":{"self":[{"href":"https:\/\/elfogoncal.com.uy\/web\/index.php?rest_route=\/wp\/v2\/posts\/941","targetHints":{"allow":["GET"]}}],"collection":[{"href":"https:\/\/elfogoncal.com.uy\/web\/index.php?rest_route=\/wp\/v2\/posts"}],"about":[{"href":"https:\/\/elfogoncal.com.uy\/web\/index.php?rest_route=\/wp\/v2\/types\/post"}],"author":[{"embeddable":true,"href":"https:\/\/elfogoncal.com.uy\/web\/index.php?rest_route=\/wp\/v2\/users\/1"}],"replies":[{"embeddable":true,"href":"https:\/\/elfogoncal.com.uy\/web\/index.php?rest_route=%2Fwp%2Fv2%2Fcomments&post=941"}],"version-history":[{"count":5,"href":"https:\/\/elfogoncal.com.uy\/web\/index.php?rest_route=\/wp\/v2\/posts\/941\/revisions"}],"predecessor-version":[{"id":950,"href":"https:\/\/elfogoncal.com.uy\/web\/index.php?rest_route=\/wp\/v2\/posts\/941\/revisions\/950"}],"wp:featuredmedia":[{"embeddable":true,"href":"https:\/\/elfogoncal.com.uy\/web\/index.php?rest_route=\/wp\/v2\/media\/473"}],"wp:attachment":[{"href":"https:\/\/elfogoncal.com.uy\/web\/index.php?rest_route=%2Fwp%2Fv2%2Fmedia&parent=941"}],"wp:term":[{"taxonomy":"category","embeddable":true,"href":"https:\/\/elfogoncal.com.uy\/web\/index.php?rest_route=%2Fwp%2Fv2%2Fcategories&post=941"},{"taxonomy":"post_tag","embeddable":true,"href":"https:\/\/elfogoncal.com.uy\/web\/index.php?rest_route=%2Fwp%2Fv2%2Ftags&post=941"}],"curies":[{"name":"wp","href":"https:\/\/api.w.org\/{rel}","templated":true}]}}