{"id":936,"date":"2018-07-07T13:51:28","date_gmt":"2018-07-07T13:51:28","guid":{"rendered":"https:\/\/elfogoncal.com.uy\/web\/?p=936"},"modified":"2018-07-07T13:52:08","modified_gmt":"2018-07-07T13:52:08","slug":"saludo-dia-internacional-del-cooperativismo","status":"publish","type":"post","link":"https:\/\/elfogoncal.com.uy\/web\/?p=936","title":{"rendered":"Saludo d\u00eda Internacional del Cooperativismo"},"content":{"rendered":"<h3 style=\"text-align: center;\"><img loading=\"lazy\" decoding=\"async\" class=\"aligncenter size-full wp-image-473\" src=\"https:\/\/elfogoncal.com.uy\/web\/wp-content\/uploads\/2014\/11\/logo-fogon.png\" alt=\"\" width=\"150\" height=\"129\" \/><\/h3>\n<h3 style=\"text-align: right;\">Sarandi del Yi, 7 de julio de 2018<\/h3>\n<h3>Hoy festejamos el d\u00eda internacional del cooperativismo y festejamos ser parte de este colectivo impulsor del desarrollo econ\u00f3mico y social de las localidades.<\/h3>\n<h3>Donde priman los valores de: ayuda mutua, responsabilidad, democracia, igualdad, equidad y solidaridad.<\/h3>\n<h3>Por este medio hacemos llegar nuestro fraterno saludo a todas las hermanas cooperativas.<\/h3>\n<h3>En un momento en que la desigualdad crece en el mundo es bueno recordar que existen otras opciones.<\/h3>\n<h3>\u00a8Porque juntos podemos hacer grandes cosas\u00a8<\/h3>\n<h3 style=\"text-align: center;\">Comisi\u00f3n de Educaci\u00f3n de Cooperativa El fog\u00f3n.<\/h3>\n","protected":false},"excerpt":{"rendered":"<p>Sarandi del Yi, 7 de julio de 2018 Hoy festejamos el d\u00eda internacional del cooperativismo y festejamos ser parte de este colectivo impulsor del desarrollo econ\u00f3mico y social de las localidades. Donde priman los valores de: ayuda mutua, responsabilidad, democracia, igualdad, equidad y solidaridad. Por este medio hacemos llegar nuestro fraterno saludo a todas las [&hellip;]<\/p>\n","protected":false},"author":1,"featured_media":0,"comment_status":"open","ping_status":"open","sticky":false,"template":"","format":"standard","meta":{"footnotes":""},"categories":[2],"tags":[],"class_list":["post-936","post","type-post","status-publish","format-standard","hentry","category-noticias"],"_links":{"self":[{"href":"https:\/\/elfogoncal.com.uy\/web\/index.php?rest_route=\/wp\/v2\/posts\/936","targetHints":{"allow":["GET"]}}],"collection":[{"href":"https:\/\/elfogoncal.com.uy\/web\/index.php?rest_route=\/wp\/v2\/posts"}],"about":[{"href":"https:\/\/elfogoncal.com.uy\/web\/index.php?rest_route=\/wp\/v2\/types\/post"}],"author":[{"embeddable":true,"href":"https:\/\/elfogoncal.com.uy\/web\/index.php?rest_route=\/wp\/v2\/users\/1"}],"replies":[{"embeddable":true,"href":"https:\/\/elfogoncal.com.uy\/web\/index.php?rest_route=%2Fwp%2Fv2%2Fcomments&post=936"}],"version-history":[{"count":2,"href":"https:\/\/elfogoncal.com.uy\/web\/index.php?rest_route=\/wp\/v2\/posts\/936\/revisions"}],"predecessor-version":[{"id":938,"href":"https:\/\/elfogoncal.com.uy\/web\/index.php?rest_route=\/wp\/v2\/posts\/936\/revisions\/938"}],"wp:attachment":[{"href":"https:\/\/elfogoncal.com.uy\/web\/index.php?rest_route=%2Fwp%2Fv2%2Fmedia&parent=936"}],"wp:term":[{"taxonomy":"category","embeddable":true,"href":"https:\/\/elfogoncal.com.uy\/web\/index.php?rest_route=%2Fwp%2Fv2%2Fcategories&post=936"},{"taxonomy":"post_tag","embeddable":true,"href":"https:\/\/elfogoncal.com.uy\/web\/index.php?rest_route=%2Fwp%2Fv2%2Ftags&post=936"}],"curies":[{"name":"wp","href":"https:\/\/api.w.org\/{rel}","templated":true}]}}