{"id":905,"date":"2017-12-27T15:07:26","date_gmt":"2017-12-27T15:07:26","guid":{"rendered":"https:\/\/elfogoncal.com.uy\/web\/?p=905"},"modified":"2017-12-27T15:08:16","modified_gmt":"2017-12-27T15:08:16","slug":"905","status":"publish","type":"post","link":"https:\/\/elfogoncal.com.uy\/web\/?p=905","title":{"rendered":"EL Fog\u00f3n Informa"},"content":{"rendered":"<h3 align=\"CENTER\">Pago <b>Operativo Corderos Pesados 2017<\/b><\/h3>\n<p align=\"JUSTIFY\">El <b>mi\u00e9rcoles 27 de diciembre<\/b> Central Lanera Uruguaya realizar\u00e1 el <b>cierre del Operativo Corderos Pesados 2017<\/b>, fijando los precios definitivos y pagando a unos 330 productores de todo el pa\u00eds que embarcaron animales entre agosto y los primeros d\u00edas de diciembre. <!--more-->Los productores remitentes de cordero pesado a trav\u00e9s del sistema cooperativa recibieron pagos a cuenta el precio promedio final al momento de la inscripci\u00f3n y luego del embarque de los animales. EL <b>precio pagado<\/b> por Central Lanera se ubic\u00f3 en <b>US$ 3,50<\/b> para corderos cruza carnicera y <b>USD 3,40<\/b> para cordero pesado (incluyendo 5 cts. de sobreprecio por cumplimiento temprana), para las mejores carcasas.<\/p>\n<p align=\"JUSTIFY\">Por m\u00e1s informaci\u00f3n:<\/p>\n<h3 align=\"CENTER\"><a href=\"https:\/\/elfogoncal.com.uy\/web\/wp-content\/uploads\/2017\/12\/Repartido-de-Prensa-PROMEDIO-op-ovinos-2017.pdf\" target=\"_blank\" rel=\"noopener\"><strong>\u201cRepartido de prensa.pdf\u201d<\/strong> <\/a><\/h3>\n<p align=\"JUSTIFY\"><img loading=\"lazy\" decoding=\"async\" class=\"aligncenter size-full wp-image-906\" src=\"https:\/\/elfogoncal.com.uy\/web\/wp-content\/uploads\/2017\/12\/111.jpg\" alt=\"\" width=\"693\" height=\"178\" srcset=\"https:\/\/elfogoncal.com.uy\/web\/wp-content\/uploads\/2017\/12\/111.jpg 693w, https:\/\/elfogoncal.com.uy\/web\/wp-content\/uploads\/2017\/12\/111-450x116.jpg 450w\" sizes=\"auto, (max-width: 693px) 100vw, 693px\" \/><\/p>\n","protected":false},"excerpt":{"rendered":"<p>Pago Operativo Corderos Pesados 2017 El mi\u00e9rcoles 27 de diciembre Central Lanera Uruguaya realizar\u00e1 el cierre del Operativo Corderos Pesados 2017, fijando los precios definitivos y pagando a unos 330 productores de todo el pa\u00eds que embarcaron animales entre agosto y los primeros d\u00edas de diciembre.<\/p>\n","protected":false},"author":1,"featured_media":0,"comment_status":"open","ping_status":"open","sticky":false,"template":"","format":"standard","meta":{"footnotes":""},"categories":[2],"tags":[],"class_list":["post-905","post","type-post","status-publish","format-standard","hentry","category-noticias"],"_links":{"self":[{"href":"https:\/\/elfogoncal.com.uy\/web\/index.php?rest_route=\/wp\/v2\/posts\/905","targetHints":{"allow":["GET"]}}],"collection":[{"href":"https:\/\/elfogoncal.com.uy\/web\/index.php?rest_route=\/wp\/v2\/posts"}],"about":[{"href":"https:\/\/elfogoncal.com.uy\/web\/index.php?rest_route=\/wp\/v2\/types\/post"}],"author":[{"embeddable":true,"href":"https:\/\/elfogoncal.com.uy\/web\/index.php?rest_route=\/wp\/v2\/users\/1"}],"replies":[{"embeddable":true,"href":"https:\/\/elfogoncal.com.uy\/web\/index.php?rest_route=%2Fwp%2Fv2%2Fcomments&post=905"}],"version-history":[{"count":3,"href":"https:\/\/elfogoncal.com.uy\/web\/index.php?rest_route=\/wp\/v2\/posts\/905\/revisions"}],"predecessor-version":[{"id":910,"href":"https:\/\/elfogoncal.com.uy\/web\/index.php?rest_route=\/wp\/v2\/posts\/905\/revisions\/910"}],"wp:attachment":[{"href":"https:\/\/elfogoncal.com.uy\/web\/index.php?rest_route=%2Fwp%2Fv2%2Fmedia&parent=905"}],"wp:term":[{"taxonomy":"category","embeddable":true,"href":"https:\/\/elfogoncal.com.uy\/web\/index.php?rest_route=%2Fwp%2Fv2%2Fcategories&post=905"},{"taxonomy":"post_tag","embeddable":true,"href":"https:\/\/elfogoncal.com.uy\/web\/index.php?rest_route=%2Fwp%2Fv2%2Ftags&post=905"}],"curies":[{"name":"wp","href":"https:\/\/api.w.org\/{rel}","templated":true}]}}