{"id":892,"date":"2017-12-06T00:10:22","date_gmt":"2017-12-06T00:10:22","guid":{"rendered":"https:\/\/elfogoncal.com.uy\/web\/?p=892"},"modified":"2017-12-06T00:21:01","modified_gmt":"2017-12-06T00:21:01","slug":"asamblea-general-ordinaria-2017","status":"publish","type":"post","link":"https:\/\/elfogoncal.com.uy\/web\/?p=892","title":{"rendered":"ASAMBLEA GENERAL ORDINARIA 2017"},"content":{"rendered":"<h3 style=\"text-align: center;\"><strong>COMUNICADO DE PRENSA <\/strong><br \/>\n<strong>ASAMBLEA GENERAL ORDINARIA 2017<\/strong><\/h3>\n<p>El Consejo Directivo de El Fog\u00f3n Cooperativa Agraria Limitada invita a los Sres. SOCIOS a participar de la ASAMBLEA ANUAL GENERAL ORDINARIA <!--more-->a realizarse el pr\u00f3ximo jueves 21 de diciembre de 2017, en primera citaci\u00f3n a la hora 19.00 y en segunda citaci\u00f3n a la hora 20.00 en nuestra sede central, Presidente Berro 752.<\/p>\n<p><strong>El Orden del d\u00eda ser\u00e1 el siguiente:<\/strong><\/p>\n<p>1) Lectura Acta Asamblea anterior<\/p>\n<p>2) Memoria Anual 2016-2017<\/p>\n<p>3) Estados Contables 2016-2017<\/p>\n<p>4) Distribuci\u00f3n de excedentes o financiaci\u00f3n de p\u00e9rdidas<\/p>\n<p>5) Informe de la Comisi\u00f3n Fiscal sobre balances<\/p>\n<p>6) Elecci\u00f3n de autoridades del Consejo Directivo, Comisi\u00f3n Fiscal y Comisi\u00f3n Electoral con sus suplentes<\/p>\n<p>7) Designaci\u00f3n de 2 socios para firmar el Acta de Asamblea<\/p>\n<p>&nbsp;<\/p>\n<hr \/>\n<p style=\"text-align: center;\"><a href=\"https:\/\/elfogoncal.com.uy\/web\/wp-content\/uploads\/2017\/12\/COMUNICACION-ASAMBLEA-ORDINARIA-2017.pdf\" target=\"_blank\" rel=\"noopener\"><strong>[important]COMUNICACION ASAMBLEA ORDINARIA 2017.pdf[\/important]<\/strong><\/a><\/p>\n<hr \/>\n<p style=\"text-align: center;\">\n","protected":false},"excerpt":{"rendered":"<p>COMUNICADO DE PRENSA ASAMBLEA GENERAL ORDINARIA 2017 El Consejo Directivo de El Fog\u00f3n Cooperativa Agraria Limitada invita a los Sres. SOCIOS a participar de la ASAMBLEA ANUAL GENERAL ORDINARIA<\/p>\n","protected":false},"author":1,"featured_media":473,"comment_status":"open","ping_status":"open","sticky":false,"template":"","format":"standard","meta":{"footnotes":""},"categories":[2],"tags":[],"class_list":["post-892","post","type-post","status-publish","format-standard","has-post-thumbnail","hentry","category-noticias"],"_links":{"self":[{"href":"https:\/\/elfogoncal.com.uy\/web\/index.php?rest_route=\/wp\/v2\/posts\/892","targetHints":{"allow":["GET"]}}],"collection":[{"href":"https:\/\/elfogoncal.com.uy\/web\/index.php?rest_route=\/wp\/v2\/posts"}],"about":[{"href":"https:\/\/elfogoncal.com.uy\/web\/index.php?rest_route=\/wp\/v2\/types\/post"}],"author":[{"embeddable":true,"href":"https:\/\/elfogoncal.com.uy\/web\/index.php?rest_route=\/wp\/v2\/users\/1"}],"replies":[{"embeddable":true,"href":"https:\/\/elfogoncal.com.uy\/web\/index.php?rest_route=%2Fwp%2Fv2%2Fcomments&post=892"}],"version-history":[{"count":8,"href":"https:\/\/elfogoncal.com.uy\/web\/index.php?rest_route=\/wp\/v2\/posts\/892\/revisions"}],"predecessor-version":[{"id":903,"href":"https:\/\/elfogoncal.com.uy\/web\/index.php?rest_route=\/wp\/v2\/posts\/892\/revisions\/903"}],"wp:featuredmedia":[{"embeddable":true,"href":"https:\/\/elfogoncal.com.uy\/web\/index.php?rest_route=\/wp\/v2\/media\/473"}],"wp:attachment":[{"href":"https:\/\/elfogoncal.com.uy\/web\/index.php?rest_route=%2Fwp%2Fv2%2Fmedia&parent=892"}],"wp:term":[{"taxonomy":"category","embeddable":true,"href":"https:\/\/elfogoncal.com.uy\/web\/index.php?rest_route=%2Fwp%2Fv2%2Fcategories&post=892"},{"taxonomy":"post_tag","embeddable":true,"href":"https:\/\/elfogoncal.com.uy\/web\/index.php?rest_route=%2Fwp%2Fv2%2Ftags&post=892"}],"curies":[{"name":"wp","href":"https:\/\/api.w.org\/{rel}","templated":true}]}}