{"id":873,"date":"2016-12-28T18:38:35","date_gmt":"2016-12-28T18:38:35","guid":{"rendered":"https:\/\/elfogoncal.com.uy\/web\/?p=873"},"modified":"2016-12-28T18:43:51","modified_gmt":"2016-12-28T18:43:51","slug":"873","status":"publish","type":"post","link":"https:\/\/elfogoncal.com.uy\/web\/?p=873","title":{"rendered":"Asamblea Anual Ordinaria 2016"},"content":{"rendered":"<p>El pasado viernes 16 de diciembre del 2016 se realiz\u00f3 en la sede de nuestra Cooperativa la<strong> Asamblea Anual Ordinaria 2016.<\/strong><\/p>\n<p>En esta ocasi\u00f3n se cont\u00f3 con un importante marco de p\u00fablico de m\u00e1s de 45 personas entre los socios y sus familias, adem\u00e1s de los t\u00e9cnicos y allegados a la Cooperativa.<\/p>\n<p>Antes comenzar con al acto protocolar de la asamblea se realizo un silencio como sentido homenaje y reconocimiento a los socios fallecidos durante el pasado ejercicio Maria Dolores Carabel de Mackinnon, Jose Luis Torrens, Jorge Dell Acqua, Tabar\u00e9 Caputti y \u00c1ngel Dotti.<\/p>\n<p>La asamblea fue presidida por el Consejo Directivo de la Cooperativa, el cual dio lectura al acta de la asamblea anterior, la memoria anual 2015 -2016. Luego de esta nuestro gerente el Ing. Agr. Alejandro Mackinnon realizo una peque\u00f1a charla en la que se mostro la evoluci\u00f3n de los principales rubros de nuestra cooperativa (Departamento ganadero, venta de insumos, campo de recr\u00eda etc.). Los estados contables 2015-2016. Fueron presentados por el Cr. Wilinton Pardo el cual dio una concreta y clara\u00a0 disertaci\u00f3n en la que explic\u00f3 el balance de la Cooperativa, el cual dio positivo por s\u00e9ptimo a\u00f1o consecutivo demostrando la solidez y el constante crecimiento de la misma.<\/p>\n<p>Adem\u00e1s se realiz\u00f3 un informe por parte de la Comisi\u00f3n Fiscal sobre el balance de la Cooperativa y se procedi\u00f3 a votar la capitalizaci\u00f3n de los excedentes.<\/p>\n<p>Antes de pasar al acto eleccionario correspondiente se entregaron dos reconocimiento uno al IPA por sus 20 a\u00f1os recibido por el Ing. Agr. Alfredo Irigoyen y otro al SUL por sus 50 a\u00f1os recibido por los Ing. Agr. Josefina y Marcos Garc\u00eda Pintos.<\/p>\n<p>Del mismo modo antes del acto el Ing. Agr. Alberto Folle realizo unos pertinentes comentarios finales sobre la importancia de la institucionalizaci\u00f3n de nuestra cooperativa, tambi\u00e9n menciono la comisi\u00f3n de educaci\u00f3n fomento e integraci\u00f3n cooperativa asi como destaco el indispensable camino de pasar de \u00b7\u201dLA\u201d cooperativa a \u201cMi\u201d cooperativa para transitar hacia una nueva y moderna forma de cooperativismo.<\/p>\n<p>Luego de esto se pasa al acto eleccionario en el que se votaron las autoridades del Consejo Directivo, Comisi\u00f3n Fiscal y Comisi\u00f3n Electoral con sus suplentes; para el cual contamos con una votaci\u00f3n de 22 socios habilitados para la misma.<\/p>\n<p>Por \u00faltimo se designaron dos socios para firmar el acta correspondiente a esta asamblea.<\/p>\n<p>Luego de finalizado el acto protocolar de la asamblea se realiz\u00f3 una cena de camarader\u00eda.<\/p>\n<p>&nbsp;<\/p>\n<p><strong>Por mas informaci\u00f3n puede descargar el PDF con la presentaci\u00f3n:<\/strong><\/p>\n<p><strong><a href=\"https:\/\/elfogoncal.com.uy\/web\/wp-content\/uploads\/2016\/12\/ASAMBLEA-ANUAL-ORDINARIA-2016.pdf\" target=\"_blank\">ASAMBLEA ANUAL ORDINARIA 2016<\/a><\/strong><\/p>\n<hr \/>\n<p>&nbsp;<\/p>\n<p style=\"text-align: center;\"><img loading=\"lazy\" decoding=\"async\" class=\"size-full wp-image-876 alignnone\" src=\"https:\/\/elfogoncal.com.uy\/web\/wp-content\/uploads\/2016\/12\/2.jpg\" alt=\"\" width=\"700\" height=\"207\" srcset=\"https:\/\/elfogoncal.com.uy\/web\/wp-content\/uploads\/2016\/12\/2.jpg 700w, https:\/\/elfogoncal.com.uy\/web\/wp-content\/uploads\/2016\/12\/2-450x133.jpg 450w\" sizes=\"auto, (max-width: 700px) 100vw, 700px\" \/> <img loading=\"lazy\" decoding=\"async\" class=\"aligncenter size-full wp-image-877\" src=\"https:\/\/elfogoncal.com.uy\/web\/wp-content\/uploads\/2016\/12\/1.jpg\" alt=\"\" width=\"700\" height=\"391\" srcset=\"https:\/\/elfogoncal.com.uy\/web\/wp-content\/uploads\/2016\/12\/1.jpg 700w, https:\/\/elfogoncal.com.uy\/web\/wp-content\/uploads\/2016\/12\/1-450x251.jpg 450w\" sizes=\"auto, (max-width: 700px) 100vw, 700px\" \/><\/p>\n","protected":false},"excerpt":{"rendered":"<p>El pasado viernes 16 de diciembre del 2016 se realiz\u00f3 en la sede de nuestra Cooperativa la Asamblea Anual Ordinaria 2016. En esta ocasi\u00f3n se cont\u00f3 con un importante marco de p\u00fablico de m\u00e1s de 45 personas entre los socios y sus familias, adem\u00e1s de los t\u00e9cnicos y allegados a la Cooperativa. Antes comenzar con [&hellip;]<\/p>\n","protected":false},"author":1,"featured_media":0,"comment_status":"open","ping_status":"open","sticky":false,"template":"","format":"standard","meta":{"footnotes":""},"categories":[2],"tags":[],"class_list":["post-873","post","type-post","status-publish","format-standard","hentry","category-noticias"],"_links":{"self":[{"href":"https:\/\/elfogoncal.com.uy\/web\/index.php?rest_route=\/wp\/v2\/posts\/873","targetHints":{"allow":["GET"]}}],"collection":[{"href":"https:\/\/elfogoncal.com.uy\/web\/index.php?rest_route=\/wp\/v2\/posts"}],"about":[{"href":"https:\/\/elfogoncal.com.uy\/web\/index.php?rest_route=\/wp\/v2\/types\/post"}],"author":[{"embeddable":true,"href":"https:\/\/elfogoncal.com.uy\/web\/index.php?rest_route=\/wp\/v2\/users\/1"}],"replies":[{"embeddable":true,"href":"https:\/\/elfogoncal.com.uy\/web\/index.php?rest_route=%2Fwp%2Fv2%2Fcomments&post=873"}],"version-history":[{"count":5,"href":"https:\/\/elfogoncal.com.uy\/web\/index.php?rest_route=\/wp\/v2\/posts\/873\/revisions"}],"predecessor-version":[{"id":881,"href":"https:\/\/elfogoncal.com.uy\/web\/index.php?rest_route=\/wp\/v2\/posts\/873\/revisions\/881"}],"wp:attachment":[{"href":"https:\/\/elfogoncal.com.uy\/web\/index.php?rest_route=%2Fwp%2Fv2%2Fmedia&parent=873"}],"wp:term":[{"taxonomy":"category","embeddable":true,"href":"https:\/\/elfogoncal.com.uy\/web\/index.php?rest_route=%2Fwp%2Fv2%2Fcategories&post=873"},{"taxonomy":"post_tag","embeddable":true,"href":"https:\/\/elfogoncal.com.uy\/web\/index.php?rest_route=%2Fwp%2Fv2%2Ftags&post=873"}],"curies":[{"name":"wp","href":"https:\/\/api.w.org\/{rel}","templated":true}]}}