{"id":866,"date":"2016-11-26T19:00:43","date_gmt":"2016-11-26T19:00:43","guid":{"rendered":"https:\/\/elfogoncal.com.uy\/web\/?p=866"},"modified":"2016-12-01T19:07:26","modified_gmt":"2016-12-01T19:07:26","slug":"asamblea-general-ordinaria-2016","status":"publish","type":"post","link":"https:\/\/elfogoncal.com.uy\/web\/?p=866","title":{"rendered":"ASAMBLEA GENERAL ORDINARIA 2016"},"content":{"rendered":"<p>El Consejo Directivo de El Fog\u00f3n Cooperativa Agraria Limitada invita a los Sres. SOCIOS a participar de la ASAMBLEA ANUAL GENERAL ORDINARIA a realizarse el pr\u00f3ximo viernes 16 de diciembre de 2016, en primera citaci\u00f3n a la hora 19.00 y en segunda citaci\u00f3n a la hora 20.00 en nuestra sede central, Pte. Berro 752, Sarand\u00ed del Yi, Durazno.<\/p>\n<h3><strong><a href=\"https:\/\/elfogoncal.com.uy\/web\/wp-content\/uploads\/2016\/12\/COMUNICACION-ASAMBLEA-ORDINARIA-2016.pdf\" target=\"_blank\">Comunicaci\u00f3n de Asamble Ordinaria.pdf<\/a><\/strong><\/h3>\n<p>&nbsp;<\/p>\n","protected":false},"excerpt":{"rendered":"<p>El Consejo Directivo de El Fog\u00f3n Cooperativa Agraria Limitada invita a los Sres. SOCIOS a participar de la ASAMBLEA ANUAL GENERAL ORDINARIA a realizarse el pr\u00f3ximo viernes 16 de diciembre de 2016, en primera citaci\u00f3n a la hora 19.00 y en segunda citaci\u00f3n a la hora 20.00 en nuestra sede central, Pte. Berro 752, Sarand\u00ed [&hellip;]<\/p>\n","protected":false},"author":1,"featured_media":473,"comment_status":"open","ping_status":"open","sticky":false,"template":"","format":"standard","meta":{"footnotes":""},"categories":[2],"tags":[],"class_list":["post-866","post","type-post","status-publish","format-standard","has-post-thumbnail","hentry","category-noticias"],"_links":{"self":[{"href":"https:\/\/elfogoncal.com.uy\/web\/index.php?rest_route=\/wp\/v2\/posts\/866","targetHints":{"allow":["GET"]}}],"collection":[{"href":"https:\/\/elfogoncal.com.uy\/web\/index.php?rest_route=\/wp\/v2\/posts"}],"about":[{"href":"https:\/\/elfogoncal.com.uy\/web\/index.php?rest_route=\/wp\/v2\/types\/post"}],"author":[{"embeddable":true,"href":"https:\/\/elfogoncal.com.uy\/web\/index.php?rest_route=\/wp\/v2\/users\/1"}],"replies":[{"embeddable":true,"href":"https:\/\/elfogoncal.com.uy\/web\/index.php?rest_route=%2Fwp%2Fv2%2Fcomments&post=866"}],"version-history":[{"count":3,"href":"https:\/\/elfogoncal.com.uy\/web\/index.php?rest_route=\/wp\/v2\/posts\/866\/revisions"}],"predecessor-version":[{"id":870,"href":"https:\/\/elfogoncal.com.uy\/web\/index.php?rest_route=\/wp\/v2\/posts\/866\/revisions\/870"}],"wp:featuredmedia":[{"embeddable":true,"href":"https:\/\/elfogoncal.com.uy\/web\/index.php?rest_route=\/wp\/v2\/media\/473"}],"wp:attachment":[{"href":"https:\/\/elfogoncal.com.uy\/web\/index.php?rest_route=%2Fwp%2Fv2%2Fmedia&parent=866"}],"wp:term":[{"taxonomy":"category","embeddable":true,"href":"https:\/\/elfogoncal.com.uy\/web\/index.php?rest_route=%2Fwp%2Fv2%2Fcategories&post=866"},{"taxonomy":"post_tag","embeddable":true,"href":"https:\/\/elfogoncal.com.uy\/web\/index.php?rest_route=%2Fwp%2Fv2%2Ftags&post=866"}],"curies":[{"name":"wp","href":"https:\/\/api.w.org\/{rel}","templated":true}]}}