{"id":850,"date":"2016-10-14T15:39:30","date_gmt":"2016-10-14T15:39:30","guid":{"rendered":"https:\/\/elfogoncal.com.uy\/web\/?p=850"},"modified":"2016-10-14T15:44:26","modified_gmt":"2016-10-14T15:44:26","slug":"parideras-una-nueva-herramienta-para-senalar-mas-corderos","status":"publish","type":"post","link":"https:\/\/elfogoncal.com.uy\/web\/?p=850","title":{"rendered":"\u201cParideras: Una  nueva herramienta para se\u00f1alar mas corderos\u201d"},"content":{"rendered":"<p style=\"text-align: center;\">El pasado jueves 6 de octubre nuestra cooperativa realiz\u00f3 la jornada de campo y charla t\u00e9cnica:<\/p>\n<h3 style=\"text-align: center;\"><strong>\u201cParideras: Una\u00a0 nueva herramienta para se\u00f1alar mas corderos\u201d<\/strong><\/h3>\n<p>Se llev\u00f3 a cabo en el establecimiento El Molle de Fabian Umpierrez y Flia. con un buen marco de p\u00fablico: con m\u00e1s de 35 productores, socios y allegados a la cooperativa.<\/p>\n<p>En la charla se pudo observar la implementaci\u00f3n de esta tecnolog\u00eda a nivel de campo y tener la informaci\u00f3n de primera mano a traves de la\u00a0 experiencia adquirida por parte del due\u00f1o de casa.<\/p>\n<p>La charla estuvo a cargo de la Ing. Agr. Josefina Garc\u00eda Pintos del Secretariado Uruguayo de la Lana (SUL), la cual destaco la validez de esta tecnolog\u00eda mostrando con los datos del propio establecimiento como, con la implementaci\u00f3n de las parideras, se puede aumentar la se\u00f1alada mas de un 10% acortando asi la brecha entre los datos de la ecograf\u00eda y la se\u00f1alada real de corderos.<\/p>\n<p>En la misma jornada se realiz\u00f3 tambien la charla de sanidad ovina \u2013 par\u00e1sitos internos, a cargo del Dr. Jorge Bonino con el auspicio del laboratorio Nutritec (Grappiolo y Cia SA) . El Dr. Bonino remarc\u00f3 las diferentes formas de control de los par\u00e1sitos y la importancia de chequear la efectividad de las tomas que se dan.<\/p>\n<p>Durante toda la jornada tambi\u00e9n se pudieron observar algunas las innovaciones tecnol\u00f3gicas y servicios que ofrece la cooperativa como el ba\u00f1o de inmersi\u00f3n port\u00e1til o la nueva camilla de se\u00f1alada <a href=\"https:\/\/elfogoncal.com.uy\/web\/?p=842\">https:\/\/elfogoncal.com.uy\/web\/?p=842 <\/a><\/p>\n<p>&nbsp;<\/p>\n<hr \/>\n<p>&nbsp;<\/p>\n<p style=\"text-align: center;\"><img loading=\"lazy\" decoding=\"async\" class=\"aligncenter size-full wp-image-853\" src=\"https:\/\/elfogoncal.com.uy\/web\/wp-content\/uploads\/2016\/10\/1-1.jpg\" alt=\"1\" width=\"600\" height=\"341\" srcset=\"https:\/\/elfogoncal.com.uy\/web\/wp-content\/uploads\/2016\/10\/1-1.jpg 600w, https:\/\/elfogoncal.com.uy\/web\/wp-content\/uploads\/2016\/10\/1-1-450x256.jpg 450w\" sizes=\"auto, (max-width: 600px) 100vw, 600px\" \/><\/p>\n","protected":false},"excerpt":{"rendered":"<p>El pasado jueves 6 de octubre nuestra cooperativa realiz\u00f3 la jornada de campo y charla t\u00e9cnica: \u201cParideras: Una\u00a0 nueva herramienta para se\u00f1alar mas corderos\u201d Se llev\u00f3 a cabo en el establecimiento El Molle de Fabian Umpierrez y Flia. con un buen marco de p\u00fablico: con m\u00e1s de 35 productores, socios y allegados a la cooperativa. [&hellip;]<\/p>\n","protected":false},"author":1,"featured_media":0,"comment_status":"open","ping_status":"open","sticky":false,"template":"","format":"standard","meta":{"footnotes":""},"categories":[2],"tags":[],"class_list":["post-850","post","type-post","status-publish","format-standard","hentry","category-noticias"],"_links":{"self":[{"href":"https:\/\/elfogoncal.com.uy\/web\/index.php?rest_route=\/wp\/v2\/posts\/850","targetHints":{"allow":["GET"]}}],"collection":[{"href":"https:\/\/elfogoncal.com.uy\/web\/index.php?rest_route=\/wp\/v2\/posts"}],"about":[{"href":"https:\/\/elfogoncal.com.uy\/web\/index.php?rest_route=\/wp\/v2\/types\/post"}],"author":[{"embeddable":true,"href":"https:\/\/elfogoncal.com.uy\/web\/index.php?rest_route=\/wp\/v2\/users\/1"}],"replies":[{"embeddable":true,"href":"https:\/\/elfogoncal.com.uy\/web\/index.php?rest_route=%2Fwp%2Fv2%2Fcomments&post=850"}],"version-history":[{"count":4,"href":"https:\/\/elfogoncal.com.uy\/web\/index.php?rest_route=\/wp\/v2\/posts\/850\/revisions"}],"predecessor-version":[{"id":855,"href":"https:\/\/elfogoncal.com.uy\/web\/index.php?rest_route=\/wp\/v2\/posts\/850\/revisions\/855"}],"wp:attachment":[{"href":"https:\/\/elfogoncal.com.uy\/web\/index.php?rest_route=%2Fwp%2Fv2%2Fmedia&parent=850"}],"wp:term":[{"taxonomy":"category","embeddable":true,"href":"https:\/\/elfogoncal.com.uy\/web\/index.php?rest_route=%2Fwp%2Fv2%2Fcategories&post=850"},{"taxonomy":"post_tag","embeddable":true,"href":"https:\/\/elfogoncal.com.uy\/web\/index.php?rest_route=%2Fwp%2Fv2%2Ftags&post=850"}],"curies":[{"name":"wp","href":"https:\/\/api.w.org\/{rel}","templated":true}]}}