{"id":814,"date":"2016-07-06T14:30:38","date_gmt":"2016-07-06T14:30:38","guid":{"rendered":"https:\/\/elfogoncal.com.uy\/web\/?p=814"},"modified":"2016-07-06T14:31:42","modified_gmt":"2016-07-06T14:31:42","slug":"vi-encuentro-de-juventudes-cooperativistas-comunicacion-motivacion-y-comercializacion","status":"publish","type":"post","link":"https:\/\/elfogoncal.com.uy\/web\/?p=814","title":{"rendered":"VI Encuentro de Juventudes Cooperativistas \u201cComunicaci\u00f3n, Motivaci\u00f3n y Comercializaci\u00f3n\u201d"},"content":{"rendered":"<p><b>Recibimos y publicamos el llamado a J\u00f3venes para participar en Congreso en Misiones considerando este de alto inter\u00e9s para los j\u00f3venes de nuestra cooperativa: <\/b><\/p>\n<p>Cooperativas Agrarias Federadas (CAF) &#8211; junio 29, 2016<\/p>\n<p>Por cuarto a\u00f1o consecutivo, CAF recibi\u00f3 la invitaci\u00f3n de la Federaci\u00f3n de J\u00f3venes de la FedeCoop Argentina para participar del VI Encuentro de Juventudes Cooperativistas \u201cComunicaci\u00f3n, Motivaci\u00f3n y Comercializaci\u00f3n\u201d, a realizarse los d\u00edas s\u00e1bado 20 y domingo 21\u00a0 de Agosto del corriente a\u00f1o en las instalaciones de Para\u00edso Lodge en la localidad de Jard\u00edn Am\u00e9rica, provincia de Misiones.<\/p>\n<p>La Federaci\u00f3n de J\u00f3venes de la FedeCoop surge para afianzar el sector juvenil e interesarlo en la participaci\u00f3n de las distintas empresas cooperativas, realizando una tarea formativa integral y act\u00faa como auxiliares en sus respectivas entidades. En los encuentros de a\u00f1os anteriores han participado\u00a0 j\u00f3venes uruguayos de las cooperativas COPAGRAN, SFR Colonia Suiza y CALIMA quienes valoraron la experiencia como muy enriquecedora.<\/p>\n<p>Una vez m\u00e1s CAF contar\u00e1 con una invitaci\u00f3n sin cargo para 2 (dos) j\u00f3venes mayores de 18 a\u00f1os, que incluye el costo de inscripci\u00f3n, alojamiento y comidas, quedando a cargo de cada participante el traslado desde su ciudad de origen al lugar del Encuentro en Argentina.<\/p>\n<p>Creemos que es una invalorable oportunidad para los j\u00f3venes vinculados a entidades asociadas a CAF, por lo que se agradece la m\u00e1s amplia difusi\u00f3n.<\/p>\n<p>Por este motivo, quienes deseen participar podr\u00e1n postularse completando la siguiente <a href=\"https:\/\/elfogoncal.com.uy\/web\/wp-content\/uploads\/2016\/07\/Ficha-de-Postulaci\u00f3n-Congreso-FedeCoop.doc\" target=\"_blank\"><strong>:: Ficha de Postulaci\u00f3n ::<\/strong> \u00a0<\/a>y enviarlo antes del <b>lunes 11 de julio a <a href=\"mailto:secretaria@caf.org.uy\">secretaria@caf.org.uy<\/a> que ser\u00e1 considerado por un Comit\u00e9 de Evaluaci\u00f3n.<\/b><br \/>\n<img loading=\"lazy\" decoding=\"async\" class=\"aligncenter size-full wp-image-815\" src=\"https:\/\/elfogoncal.com.uy\/web\/wp-content\/uploads\/2016\/07\/pie3.png\" alt=\"pie3\" width=\"438\" height=\"169\" \/><\/p>\n","protected":false},"excerpt":{"rendered":"<p>Recibimos y publicamos el llamado a J\u00f3venes para participar en Congreso en Misiones considerando este de alto inter\u00e9s para los j\u00f3venes de nuestra cooperativa: Cooperativas Agrarias Federadas (CAF) &#8211; junio 29, 2016 Por cuarto a\u00f1o consecutivo, CAF recibi\u00f3 la invitaci\u00f3n de la Federaci\u00f3n de J\u00f3venes de la FedeCoop Argentina para participar del VI Encuentro de [&hellip;]<\/p>\n","protected":false},"author":1,"featured_media":473,"comment_status":"open","ping_status":"open","sticky":false,"template":"","format":"standard","meta":{"footnotes":""},"categories":[2],"tags":[],"class_list":["post-814","post","type-post","status-publish","format-standard","has-post-thumbnail","hentry","category-noticias"],"_links":{"self":[{"href":"https:\/\/elfogoncal.com.uy\/web\/index.php?rest_route=\/wp\/v2\/posts\/814","targetHints":{"allow":["GET"]}}],"collection":[{"href":"https:\/\/elfogoncal.com.uy\/web\/index.php?rest_route=\/wp\/v2\/posts"}],"about":[{"href":"https:\/\/elfogoncal.com.uy\/web\/index.php?rest_route=\/wp\/v2\/types\/post"}],"author":[{"embeddable":true,"href":"https:\/\/elfogoncal.com.uy\/web\/index.php?rest_route=\/wp\/v2\/users\/1"}],"replies":[{"embeddable":true,"href":"https:\/\/elfogoncal.com.uy\/web\/index.php?rest_route=%2Fwp%2Fv2%2Fcomments&post=814"}],"version-history":[{"count":1,"href":"https:\/\/elfogoncal.com.uy\/web\/index.php?rest_route=\/wp\/v2\/posts\/814\/revisions"}],"predecessor-version":[{"id":817,"href":"https:\/\/elfogoncal.com.uy\/web\/index.php?rest_route=\/wp\/v2\/posts\/814\/revisions\/817"}],"wp:featuredmedia":[{"embeddable":true,"href":"https:\/\/elfogoncal.com.uy\/web\/index.php?rest_route=\/wp\/v2\/media\/473"}],"wp:attachment":[{"href":"https:\/\/elfogoncal.com.uy\/web\/index.php?rest_route=%2Fwp%2Fv2%2Fmedia&parent=814"}],"wp:term":[{"taxonomy":"category","embeddable":true,"href":"https:\/\/elfogoncal.com.uy\/web\/index.php?rest_route=%2Fwp%2Fv2%2Fcategories&post=814"},{"taxonomy":"post_tag","embeddable":true,"href":"https:\/\/elfogoncal.com.uy\/web\/index.php?rest_route=%2Fwp%2Fv2%2Ftags&post=814"}],"curies":[{"name":"wp","href":"https:\/\/api.w.org\/{rel}","templated":true}]}}