{"id":793,"date":"2016-04-22T00:35:53","date_gmt":"2016-04-22T00:35:53","guid":{"rendered":"https:\/\/elfogoncal.com.uy\/web\/?p=793"},"modified":"2016-04-22T00:35:53","modified_gmt":"2016-04-22T00:35:53","slug":"el-fogon-invita-a-sus-socios-remitentes-a-central-lanera-uruguaya-clu","status":"publish","type":"post","link":"https:\/\/elfogoncal.com.uy\/web\/?p=793","title":{"rendered":"El Fog\u00f3n Invita a sus socios remitentes a Central Lanera Uruguaya (CLU)"},"content":{"rendered":"<p>Jueves <span style=\"font-size: large;\"><b>28 de abril 1900 hs<\/b><\/span> en la sede de la cooperativa (Presidente Berro 752, Sarand\u00ed del Y\u00ed. Durazno) a la charla informativa y<\/p>\n<p style=\"text-align: center;\"><span style=\"font-size: x-large;\">\u201c<\/span><span style=\"font-size: x-large;\"><b>Reuni\u00f3n de Cierre de Zafra de Central Lanera<\/b><\/span><span style=\"font-size: x-large;\">\u201d<\/span>:<\/p>\n<p align=\"CENTER\">\u201c<span lang=\"es-UY\"><b>Informaci\u00f3n del mercado lanero, Presentaci\u00f3n de resultado de CLU, Entrega de liquidaciones y presentaci\u00f3n de nuevos servicios\u201d<\/b><\/span><\/p>\n<p><strong>Disertantes:<\/strong><\/p>\n<ul>\n<li><span lang=\"es-UY\">Sr. Felipe Sanguinetti<\/span><\/li>\n<li><span lang=\"es-UY\">Sra. Fabiana Rodriguez<\/span><\/li>\n<li><span lang=\"es-UY\">Ing. Agr. Eduardo Pietra<\/span><\/li>\n<li>Tec. Agro. Santiago de Crecenzio<\/li>\n<\/ul>\n<p><span lang=\"es-UY\">Al finalizar la charla compartiremos un brindis de camarader\u00eda. <\/span><\/p>\n<p><strong>Informes:<\/strong><\/p>\n<p>El Fog\u00f3n &#8211; Tel\u00e9fono:\u00a04367 9284 &#8211; 4367 9066 E-mail:<b>\u00a0<\/b><a href=\"mailto:info@elfogoncal.com.uy\">info@elfogoncal.com.uy<\/a><br \/>\n<img loading=\"lazy\" decoding=\"async\" class=\"aligncenter size-full wp-image-552\" src=\"https:\/\/elfogoncal.com.uy\/web\/wp-content\/uploads\/2015\/04\/33.png\" alt=\"33\" width=\"523\" height=\"179\" srcset=\"https:\/\/elfogoncal.com.uy\/web\/wp-content\/uploads\/2015\/04\/33.png 523w, https:\/\/elfogoncal.com.uy\/web\/wp-content\/uploads\/2015\/04\/33-450x154.png 450w\" sizes=\"auto, (max-width: 523px) 100vw, 523px\" \/><\/p>\n","protected":false},"excerpt":{"rendered":"<p>Jueves 28 de abril 1900 hs en la sede de la cooperativa (Presidente Berro 752, Sarand\u00ed del Y\u00ed. Durazno) a la charla informativa y \u201cReuni\u00f3n de Cierre de Zafra de Central Lanera\u201d: \u201cInformaci\u00f3n del mercado lanero, Presentaci\u00f3n de resultado de CLU, Entrega de liquidaciones y presentaci\u00f3n de nuevos servicios\u201d Disertantes: Sr. Felipe Sanguinetti Sra. Fabiana [&hellip;]<\/p>\n","protected":false},"author":1,"featured_media":0,"comment_status":"open","ping_status":"open","sticky":false,"template":"","format":"standard","meta":{"footnotes":""},"categories":[2],"tags":[],"class_list":["post-793","post","type-post","status-publish","format-standard","hentry","category-noticias"],"_links":{"self":[{"href":"https:\/\/elfogoncal.com.uy\/web\/index.php?rest_route=\/wp\/v2\/posts\/793","targetHints":{"allow":["GET"]}}],"collection":[{"href":"https:\/\/elfogoncal.com.uy\/web\/index.php?rest_route=\/wp\/v2\/posts"}],"about":[{"href":"https:\/\/elfogoncal.com.uy\/web\/index.php?rest_route=\/wp\/v2\/types\/post"}],"author":[{"embeddable":true,"href":"https:\/\/elfogoncal.com.uy\/web\/index.php?rest_route=\/wp\/v2\/users\/1"}],"replies":[{"embeddable":true,"href":"https:\/\/elfogoncal.com.uy\/web\/index.php?rest_route=%2Fwp%2Fv2%2Fcomments&post=793"}],"version-history":[{"count":1,"href":"https:\/\/elfogoncal.com.uy\/web\/index.php?rest_route=\/wp\/v2\/posts\/793\/revisions"}],"predecessor-version":[{"id":794,"href":"https:\/\/elfogoncal.com.uy\/web\/index.php?rest_route=\/wp\/v2\/posts\/793\/revisions\/794"}],"wp:attachment":[{"href":"https:\/\/elfogoncal.com.uy\/web\/index.php?rest_route=%2Fwp%2Fv2%2Fmedia&parent=793"}],"wp:term":[{"taxonomy":"category","embeddable":true,"href":"https:\/\/elfogoncal.com.uy\/web\/index.php?rest_route=%2Fwp%2Fv2%2Fcategories&post=793"},{"taxonomy":"post_tag","embeddable":true,"href":"https:\/\/elfogoncal.com.uy\/web\/index.php?rest_route=%2Fwp%2Fv2%2Ftags&post=793"}],"curies":[{"name":"wp","href":"https:\/\/api.w.org\/{rel}","templated":true}]}}