{"id":790,"date":"2016-04-22T00:29:26","date_gmt":"2016-04-22T00:29:26","guid":{"rendered":"https:\/\/elfogoncal.com.uy\/web\/?p=790"},"modified":"2016-04-22T00:30:04","modified_gmt":"2016-04-22T00:30:04","slug":"790","status":"publish","type":"post","link":"https:\/\/elfogoncal.com.uy\/web\/?p=790","title":{"rendered":"Aviso importante"},"content":{"rendered":"<h2 style=\"text-align: center;\" align=\"JUSTIFY\"><strong>[important]\u201cCharla suspendida hasta nuevo aviso\u201d<\/strong><\/h2>\n<p style=\"text-align: center;\"><strong><a href=\"https:\/\/elfogoncal.com.uy\/web\/wp-content\/uploads\/2016\/04\/Comunicado-13-16.docx\">Descargar: Comunicado 13-16<\/a><\/strong><\/p>\n<h2 style=\"text-align: center;\" align=\"JUSTIFY\"><strong>[\/important]<\/strong><\/h2>\n<hr \/>\n<h4 align=\"JUSTIFY\"><span style=\"font-size: medium;\">Miercoles <\/span><span style=\"font-size: large;\"><b>20 de abril 1800hs<\/b><\/span><span style=\"font-size: medium;\"> en la sede de la cooperativa (Presidente Berro 752, Sarand\u00ed del Y\u00ed. Durazno) a la <\/span><span style=\"font-size: medium;\"><b>charla informativa<\/b><\/span><span style=\"font-size: medium;\">:<\/span><\/h4>\n<hr \/>\n<h4 align=\"JUSTIFY\"><span style=\"font-size: large;\"><b>Declaraci\u00f3n Jurada Electr\u00f3nica<\/b><\/span><\/h4>\n<h4 align=\"JUSTIFY\"><span style=\"font-size: medium;\">La charlara esta cargo del Ministerio de Ganader\u00eda Agricultura y Pesca (MGAP) y destinada a capacitar a <\/span>Productores; Consignatarios, Rematadores, Frigor\u00edficos, Funcionarios de ventanilla; Funcionarios del Ministerio del Interior de oficinas coordinadoras de DICOSE; etc. <span style=\"font-size: medium;\"><span lang=\"es-UY\">sobre las generalidades y funcionamiento del nuevo proceso de declaraci\u00f3n jurada.<\/span><\/span><\/h4>\n<h4 align=\"JUSTIFY\"><strong><span style=\"font-size: medium;\">Informes:<\/span><\/strong><\/h4>\n<h4 align=\"JUSTIFY\"><span style=\"font-size: medium;\">El Fog\u00f3n &#8211; Tel\u00e9fono: <\/span><span style=\"font-size: medium;\">4367 9284 &#8211; 4367 9066 <\/span><span style=\"font-size: medium;\">E-mail:<\/span><b> <\/b><a href=\"mailto:info@elfogoncal.com.uy\"><span style=\"font-size: medium;\">info@elfogoncal.com.uy<\/span><\/a><\/h4>\n<p align=\"JUSTIFY\"><img loading=\"lazy\" decoding=\"async\" class=\"aligncenter size-full wp-image-787\" src=\"https:\/\/elfogoncal.com.uy\/web\/wp-content\/uploads\/2016\/04\/3.png\" alt=\"3\" width=\"411\" height=\"140\" \/><\/p>\n","protected":false},"excerpt":{"rendered":"<p>[important]\u201cCharla suspendida hasta nuevo aviso\u201d Descargar: Comunicado 13-16 [\/important] Miercoles 20 de abril 1800hs en la sede de la cooperativa (Presidente Berro 752, Sarand\u00ed del Y\u00ed. Durazno) a la charla informativa: Declaraci\u00f3n Jurada Electr\u00f3nica La charlara esta cargo del Ministerio de Ganader\u00eda Agricultura y Pesca (MGAP) y destinada a capacitar a Productores; Consignatarios, Rematadores, Frigor\u00edficos, [&hellip;]<\/p>\n","protected":false},"author":1,"featured_media":0,"comment_status":"open","ping_status":"open","sticky":false,"template":"","format":"standard","meta":{"footnotes":""},"categories":[2],"tags":[],"class_list":["post-790","post","type-post","status-publish","format-standard","hentry","category-noticias"],"_links":{"self":[{"href":"https:\/\/elfogoncal.com.uy\/web\/index.php?rest_route=\/wp\/v2\/posts\/790","targetHints":{"allow":["GET"]}}],"collection":[{"href":"https:\/\/elfogoncal.com.uy\/web\/index.php?rest_route=\/wp\/v2\/posts"}],"about":[{"href":"https:\/\/elfogoncal.com.uy\/web\/index.php?rest_route=\/wp\/v2\/types\/post"}],"author":[{"embeddable":true,"href":"https:\/\/elfogoncal.com.uy\/web\/index.php?rest_route=\/wp\/v2\/users\/1"}],"replies":[{"embeddable":true,"href":"https:\/\/elfogoncal.com.uy\/web\/index.php?rest_route=%2Fwp%2Fv2%2Fcomments&post=790"}],"version-history":[{"count":2,"href":"https:\/\/elfogoncal.com.uy\/web\/index.php?rest_route=\/wp\/v2\/posts\/790\/revisions"}],"predecessor-version":[{"id":792,"href":"https:\/\/elfogoncal.com.uy\/web\/index.php?rest_route=\/wp\/v2\/posts\/790\/revisions\/792"}],"wp:attachment":[{"href":"https:\/\/elfogoncal.com.uy\/web\/index.php?rest_route=%2Fwp%2Fv2%2Fmedia&parent=790"}],"wp:term":[{"taxonomy":"category","embeddable":true,"href":"https:\/\/elfogoncal.com.uy\/web\/index.php?rest_route=%2Fwp%2Fv2%2Fcategories&post=790"},{"taxonomy":"post_tag","embeddable":true,"href":"https:\/\/elfogoncal.com.uy\/web\/index.php?rest_route=%2Fwp%2Fv2%2Ftags&post=790"}],"curies":[{"name":"wp","href":"https:\/\/api.w.org\/{rel}","templated":true}]}}