{"id":79,"date":"2014-04-12T14:10:24","date_gmt":"2014-04-12T14:10:24","guid":{"rendered":"https:\/\/elfogoncal.com.uy\/web\/?p=79"},"modified":"2014-06-12T14:10:47","modified_gmt":"2014-06-12T14:10:47","slug":"jovenes-y-directivos-de-calima-trabajando-juntos","status":"publish","type":"post","link":"https:\/\/elfogoncal.com.uy\/web\/?p=79","title":{"rendered":"J\u00f3venes y Directivos de CALIMA trabajando juntos"},"content":{"rendered":"<p><img loading=\"lazy\" decoding=\"async\" class=\"alignleft wp-image-80 size-medium\" src=\"https:\/\/elfogoncal.com.uy\/web\/wp-content\/uploads\/2014\/06\/1-450x272.jpg\" alt=\"1\" width=\"450\" height=\"272\" srcset=\"https:\/\/elfogoncal.com.uy\/web\/wp-content\/uploads\/2014\/06\/1-450x272.jpg 450w, https:\/\/elfogoncal.com.uy\/web\/wp-content\/uploads\/2014\/06\/1.jpg 600w\" sizes=\"auto, (max-width: 450px) 100vw, 450px\" \/><br \/>\nEl grupo de j\u00f3venes de CALIMA, present\u00f3 ante directiva el 15 de mayo informes sobre la participaci\u00f3n en la gira de intercambio y formaci\u00f3n de Argentina realizada junto a otros j\u00f3venes de cooperativas en el mes de abril y de la actuaci\u00f3n en el seminario \u00abLos j\u00f3venes tienen la palabra\u00bb realizada en Montevideo.<\/p>\n<p>La reuni\u00f3n se llev\u00f3 a acabo en la sede la cooperativa donde estuvieron presentes todos los integrantes de la comisi\u00f3n directiva. Los j\u00f3venes de CALIMA contaron y compartieron las experiencias y aprendizajes con entusiasmo y manifestaron sus ganas de continuar trabajando sobre estos temas tan importantes para el trabajo cooperativo; han fijado como d\u00eda de reuni\u00f3n los mi\u00e9rcoles para continuar dialogando y trabajando.<\/p>\n","protected":false},"excerpt":{"rendered":"<p>El grupo de j\u00f3venes de CALIMA, present\u00f3 ante directiva el 15 de mayo informes sobre la participaci\u00f3n en la gira de intercambio y formaci\u00f3n de Argentina realizada junto a otros j\u00f3venes de cooperativas en el mes de abril y de la actuaci\u00f3n en el seminario \u00abLos j\u00f3venes tienen la palabra\u00bb realizada en Montevideo. La reuni\u00f3n [&hellip;]<\/p>\n","protected":false},"author":1,"featured_media":0,"comment_status":"open","ping_status":"open","sticky":false,"template":"","format":"standard","meta":{"footnotes":""},"categories":[2],"tags":[],"class_list":["post-79","post","type-post","status-publish","format-standard","hentry","category-noticias"],"_links":{"self":[{"href":"https:\/\/elfogoncal.com.uy\/web\/index.php?rest_route=\/wp\/v2\/posts\/79","targetHints":{"allow":["GET"]}}],"collection":[{"href":"https:\/\/elfogoncal.com.uy\/web\/index.php?rest_route=\/wp\/v2\/posts"}],"about":[{"href":"https:\/\/elfogoncal.com.uy\/web\/index.php?rest_route=\/wp\/v2\/types\/post"}],"author":[{"embeddable":true,"href":"https:\/\/elfogoncal.com.uy\/web\/index.php?rest_route=\/wp\/v2\/users\/1"}],"replies":[{"embeddable":true,"href":"https:\/\/elfogoncal.com.uy\/web\/index.php?rest_route=%2Fwp%2Fv2%2Fcomments&post=79"}],"version-history":[{"count":1,"href":"https:\/\/elfogoncal.com.uy\/web\/index.php?rest_route=\/wp\/v2\/posts\/79\/revisions"}],"predecessor-version":[{"id":81,"href":"https:\/\/elfogoncal.com.uy\/web\/index.php?rest_route=\/wp\/v2\/posts\/79\/revisions\/81"}],"wp:attachment":[{"href":"https:\/\/elfogoncal.com.uy\/web\/index.php?rest_route=%2Fwp%2Fv2%2Fmedia&parent=79"}],"wp:term":[{"taxonomy":"category","embeddable":true,"href":"https:\/\/elfogoncal.com.uy\/web\/index.php?rest_route=%2Fwp%2Fv2%2Fcategories&post=79"},{"taxonomy":"post_tag","embeddable":true,"href":"https:\/\/elfogoncal.com.uy\/web\/index.php?rest_route=%2Fwp%2Fv2%2Ftags&post=79"}],"curies":[{"name":"wp","href":"https:\/\/api.w.org\/{rel}","templated":true}]}}