{"id":767,"date":"2015-11-20T19:00:04","date_gmt":"2015-11-20T19:00:04","guid":{"rendered":"https:\/\/elfogoncal.com.uy\/web\/?p=767"},"modified":"2016-04-22T00:21:32","modified_gmt":"2016-04-22T00:21:32","slug":"asamblea-anual-ordinaria-2015","status":"publish","type":"post","link":"https:\/\/elfogoncal.com.uy\/web\/?p=767","title":{"rendered":"Asamblea Anual Ordinaria 2015"},"content":{"rendered":"<p class=\"western\" align=\"LEFT\"><span style=\"font-family: Calibri,sans-serif;\"><span style=\"font-size: small;\">El Fog\u00f3n CAL invita a socios y amigos a participar de la Asamblea que se realizara el pr\u00f3ximo <span style=\"font-size: large;\"><b>viernes 11 de diciembre<\/b><\/span> en la sede de nuestra cooperativa, Pte. Berro 752 \u2013 Sarand\u00ed del Y\u00ed \u2013 Durazno; 1er llamado hora 19:00; 2do. Llamado <span style=\"font-size: large;\"><b>hora 20:00<\/b><\/span>.<\/span><\/span><\/p>\n<p class=\"western\" align=\"LEFT\"><strong><span style=\"font-family: Calibri,sans-serif;\"><span style=\"font-size: small;\">Orden del d\u00eda:<\/span><\/span><\/strong><\/p>\n<ol>\n<li>\n<p class=\"western\" align=\"LEFT\"><span style=\"font-family: Calibri,sans-serif;\"><span style=\"font-size: small;\"><span style=\"font-family: Calibri,sans-serif;\"><span lang=\"es-UY\">Lectura Acta Asamblea anterior<\/span><\/span><\/span><\/span><\/p>\n<\/li>\n<li>\n<p class=\"western\" align=\"LEFT\"><span style=\"font-family: Calibri,sans-serif;\"><span style=\"font-size: small;\"><span style=\"font-family: Calibri,sans-serif;\"><span lang=\"es-UY\">Memoria Anual <\/span><\/span><span lang=\"es-UY\">2014-2015<\/span><\/span><\/span><\/p>\n<\/li>\n<li>\n<p class=\"western\" align=\"LEFT\"><span style=\"font-family: Calibri,sans-serif;\"><span style=\"font-size: small;\"><span style=\"font-family: Calibri,sans-serif;\"><span lang=\"es-UY\">Estados Contables <\/span><\/span><span lang=\"es-UY\">2014-2015<\/span><\/span><\/span><\/p>\n<\/li>\n<li>\n<p class=\"western\" align=\"LEFT\"><span style=\"font-family: Calibri,sans-serif;\"><span style=\"font-size: small;\"><span style=\"font-family: Calibri,sans-serif;\"><span lang=\"es-UY\">Distribuci\u00f3n de excedentes o financiaci\u00f3n de p\u00e9rdidas.<\/span><\/span><\/span><\/span><\/p>\n<\/li>\n<li>\n<p class=\"western\" align=\"LEFT\"><span style=\"font-family: Calibri,sans-serif;\"><span style=\"font-size: small;\"><span style=\"font-family: Calibri,sans-serif;\"><span lang=\"es-UY\">Informe de la Comisi\u00f3n Fiscal sobre balance.<\/span><\/span><\/span><\/span><\/p>\n<\/li>\n<li>\n<p class=\"western\" align=\"LEFT\"><span style=\"font-family: Calibri,sans-serif;\"><span style=\"font-size: small;\"><span style=\"font-family: Calibri,sans-serif;\"><span lang=\"es-UY\">Elecci\u00f3n de autoridades del Consejo Directivo, Comisi\u00f3n Fiscal y Comisi\u00f3n Electoral con sus suplentes<\/span><\/span><\/span><\/span><\/p>\n<\/li>\n<li>\n<p class=\"western\" align=\"LEFT\"><span style=\"font-family: Calibri,sans-serif;\"><span style=\"font-size: small;\"><span style=\"font-family: Calibri,sans-serif;\"><span lang=\"es-UY\">Designaci\u00f3n de 2 socios para firmar el Acta de Asamblea<\/span><\/span><\/span><\/span><\/p>\n<p>&nbsp;<\/li>\n<\/ol>\n<p class=\"western\" style=\"text-align: left;\" align=\"RIGHT\"><span style=\"font-family: Calibri,sans-serif;\"><span style=\"font-size: small;\">Agradecemos su puntualidad.<\/span><\/span><\/p>\n<p class=\"western\" style=\"text-align: right;\" align=\"RIGHT\"><span style=\"font-family: Calibri,sans-serif;\"><span style=\"font-size: small;\"><br \/>\nAl finalizar compartiremos un brindis de camarader\u00eda <\/span><\/span><\/p>\n<p class=\"western\" style=\"text-align: center;\" align=\"RIGHT\"><span style=\"font-family: Calibri,sans-serif;\"><span style=\"font-size: small;\">Sin otro particular saludamos a Ud. atentamente<br \/>\nPor El Fog\u00f3n, Cooperativa Agraria Ltda.<br \/>\n<\/span><\/span><\/p>\n<p class=\"western\" style=\"text-align: center;\" align=\"CENTER\"><img loading=\"lazy\" decoding=\"async\" class=\"aligncenter wp-image-772 size-full\" src=\"https:\/\/elfogoncal.com.uy\/web\/wp-content\/uploads\/2015\/11\/123.png\" alt=\"123\" width=\"600\" height=\"268\" srcset=\"https:\/\/elfogoncal.com.uy\/web\/wp-content\/uploads\/2015\/11\/123.png 600w, https:\/\/elfogoncal.com.uy\/web\/wp-content\/uploads\/2015\/11\/123-450x201.png 450w\" sizes=\"auto, (max-width: 600px) 100vw, 600px\" \/><\/p>\n","protected":false},"excerpt":{"rendered":"<p>El Fog\u00f3n CAL invita a socios y amigos a participar de la Asamblea que se realizara el pr\u00f3ximo viernes 11 de diciembre en la sede de nuestra cooperativa, Pte. Berro 752 \u2013 Sarand\u00ed del Y\u00ed \u2013 Durazno; 1er llamado hora 19:00; 2do. Llamado hora 20:00. Orden del d\u00eda: Lectura Acta Asamblea anterior Memoria Anual 2014-2015 [&hellip;]<\/p>\n","protected":false},"author":1,"featured_media":473,"comment_status":"open","ping_status":"open","sticky":false,"template":"","format":"standard","meta":{"footnotes":""},"categories":[2],"tags":[],"class_list":["post-767","post","type-post","status-publish","format-standard","has-post-thumbnail","hentry","category-noticias"],"_links":{"self":[{"href":"https:\/\/elfogoncal.com.uy\/web\/index.php?rest_route=\/wp\/v2\/posts\/767","targetHints":{"allow":["GET"]}}],"collection":[{"href":"https:\/\/elfogoncal.com.uy\/web\/index.php?rest_route=\/wp\/v2\/posts"}],"about":[{"href":"https:\/\/elfogoncal.com.uy\/web\/index.php?rest_route=\/wp\/v2\/types\/post"}],"author":[{"embeddable":true,"href":"https:\/\/elfogoncal.com.uy\/web\/index.php?rest_route=\/wp\/v2\/users\/1"}],"replies":[{"embeddable":true,"href":"https:\/\/elfogoncal.com.uy\/web\/index.php?rest_route=%2Fwp%2Fv2%2Fcomments&post=767"}],"version-history":[{"count":9,"href":"https:\/\/elfogoncal.com.uy\/web\/index.php?rest_route=\/wp\/v2\/posts\/767\/revisions"}],"predecessor-version":[{"id":788,"href":"https:\/\/elfogoncal.com.uy\/web\/index.php?rest_route=\/wp\/v2\/posts\/767\/revisions\/788"}],"wp:featuredmedia":[{"embeddable":true,"href":"https:\/\/elfogoncal.com.uy\/web\/index.php?rest_route=\/wp\/v2\/media\/473"}],"wp:attachment":[{"href":"https:\/\/elfogoncal.com.uy\/web\/index.php?rest_route=%2Fwp%2Fv2%2Fmedia&parent=767"}],"wp:term":[{"taxonomy":"category","embeddable":true,"href":"https:\/\/elfogoncal.com.uy\/web\/index.php?rest_route=%2Fwp%2Fv2%2Fcategories&post=767"},{"taxonomy":"post_tag","embeddable":true,"href":"https:\/\/elfogoncal.com.uy\/web\/index.php?rest_route=%2Fwp%2Fv2%2Ftags&post=767"}],"curies":[{"name":"wp","href":"https:\/\/api.w.org\/{rel}","templated":true}]}}