{"id":756,"date":"2015-09-27T13:10:31","date_gmt":"2015-09-27T13:10:31","guid":{"rendered":"https:\/\/elfogoncal.com.uy\/web\/?p=756"},"modified":"2015-10-01T15:55:33","modified_gmt":"2015-10-01T15:55:33","slug":"lanzamiento-fiesta-del-cordero-pesado-2014","status":"publish","type":"post","link":"https:\/\/elfogoncal.com.uy\/web\/?p=756","title":{"rendered":"Lanzamiento Fiesta del cordero pesado 2015"},"content":{"rendered":"<p>El lunes 14 de septiembre en el marco de la la Expo Prado\u00a0 2015 se realiz\u00f3\u00a0 el lanzamiento de la 16\u00ba Fiesta del Cordero Pesado.<br \/>\nEl mismo se celebr\u00f3 en la sala de conferencias de la exposici\u00f3n contando con gran marco de p\u00fablico entre productores, periodistas y con la presencia de las autoridades y organizadores de la fiesta.<\/p>\n<p>En la charla disertaron el Ing. Agr. Marcos Garcia Pintos del Secretariado Uruguayo de la Lana (SUL), el Cr. Gast\u00f3n Scayola por el frigor\u00edfico San Jacinto (Nirea SA), el Mtro. Carmelo Vidalin Intendente de nuestro departamento y el Ministro de Ganader\u00eda\u00a0 Agricultura\u00a0 y Pesca\u00a0 Ing. Agr. Tabar\u00e9 Aguerre.<\/p>\n<p>Los disertantes remarcaron la importancia de la producci\u00f3n de cordero pesado para la zona de Sarandi del Yi\u00a0 y para el pa\u00eds.<br \/>\nInformaron que la fiesta del Cordero Pesado se realizar\u00e1 el 14 y 15 de noviembre pr\u00f3ximo, destacando que esta es la 16\u00ba fiesta para la que ya se est\u00e1n preparando diferentes eventos y espect\u00e1culos, como el concurso de asadores y corderos, los stands informativos, los espect\u00e1culos musicales, el parque tecnol\u00f3gico ovino, la feria artesanal, competencia de destrezas rurales y competencia de esquila, restaurantes y degustaciones a base de cordero y otras varias actividades para que esta sea una fiesta para toda la familia.<\/p>\n<p>Luego de la chara se realiz\u00f3 una degustaci\u00f3n de chivitos de cordero realizada por el chef Salvo propietario del restaurante El Portal de Trinidad, Flores. Los platos se realizaron en base a carne ovina gentileza del frigor\u00edfico San Jacinto y se acompa\u00f1aron con los ya conocidos vinos finos Gobelet.<br \/>\n<strong>Por mas informaci\u00f3n de la fiesta entrar en:<\/strong><br \/>\n<a href=\"https:\/\/elfogoncal.com.uy\/web\/?page_id=14\">https:\/\/elfogoncal.com.uy\/web\/?page_id=14<\/a><\/p>\n<hr \/>\n<p>&nbsp;<\/p>\n<p style=\"text-align: center;\"><a href=\"https:\/\/elfogoncal.com.uy\/web\/wp-content\/uploads\/2015\/09\/22.jpg\" target=\"_blank\"><img loading=\"lazy\" decoding=\"async\" class=\"aligncenter wp-image-759\" src=\"https:\/\/elfogoncal.com.uy\/web\/wp-content\/uploads\/2015\/09\/22.jpg\" alt=\"22\" width=\"691\" height=\"571\" srcset=\"https:\/\/elfogoncal.com.uy\/web\/wp-content\/uploads\/2015\/09\/22.jpg 803w, https:\/\/elfogoncal.com.uy\/web\/wp-content\/uploads\/2015\/09\/22-363x300.jpg 363w\" sizes=\"auto, (max-width: 691px) 100vw, 691px\" \/><\/a><\/p>\n","protected":false},"excerpt":{"rendered":"<p>El lunes 14 de septiembre en el marco de la la Expo Prado\u00a0 2015 se realiz\u00f3\u00a0 el lanzamiento de la 16\u00ba Fiesta del Cordero Pesado. El mismo se celebr\u00f3 en la sala de conferencias de la exposici\u00f3n contando con gran marco de p\u00fablico entre productores, periodistas y con la presencia de las autoridades y organizadores [&hellip;]<\/p>\n","protected":false},"author":1,"featured_media":0,"comment_status":"open","ping_status":"open","sticky":false,"template":"","format":"standard","meta":{"footnotes":""},"categories":[2],"tags":[],"class_list":["post-756","post","type-post","status-publish","format-standard","hentry","category-noticias"],"_links":{"self":[{"href":"https:\/\/elfogoncal.com.uy\/web\/index.php?rest_route=\/wp\/v2\/posts\/756","targetHints":{"allow":["GET"]}}],"collection":[{"href":"https:\/\/elfogoncal.com.uy\/web\/index.php?rest_route=\/wp\/v2\/posts"}],"about":[{"href":"https:\/\/elfogoncal.com.uy\/web\/index.php?rest_route=\/wp\/v2\/types\/post"}],"author":[{"embeddable":true,"href":"https:\/\/elfogoncal.com.uy\/web\/index.php?rest_route=\/wp\/v2\/users\/1"}],"replies":[{"embeddable":true,"href":"https:\/\/elfogoncal.com.uy\/web\/index.php?rest_route=%2Fwp%2Fv2%2Fcomments&post=756"}],"version-history":[{"count":5,"href":"https:\/\/elfogoncal.com.uy\/web\/index.php?rest_route=\/wp\/v2\/posts\/756\/revisions"}],"predecessor-version":[{"id":763,"href":"https:\/\/elfogoncal.com.uy\/web\/index.php?rest_route=\/wp\/v2\/posts\/756\/revisions\/763"}],"wp:attachment":[{"href":"https:\/\/elfogoncal.com.uy\/web\/index.php?rest_route=%2Fwp%2Fv2%2Fmedia&parent=756"}],"wp:term":[{"taxonomy":"category","embeddable":true,"href":"https:\/\/elfogoncal.com.uy\/web\/index.php?rest_route=%2Fwp%2Fv2%2Fcategories&post=756"},{"taxonomy":"post_tag","embeddable":true,"href":"https:\/\/elfogoncal.com.uy\/web\/index.php?rest_route=%2Fwp%2Fv2%2Ftags&post=756"}],"curies":[{"name":"wp","href":"https:\/\/api.w.org\/{rel}","templated":true}]}}