{"id":748,"date":"2015-09-27T12:58:03","date_gmt":"2015-09-27T12:58:03","guid":{"rendered":"https:\/\/elfogoncal.com.uy\/web\/?p=748"},"modified":"2015-09-27T13:04:05","modified_gmt":"2015-09-27T13:04:05","slug":"visitamos-la-expoprado-2015","status":"publish","type":"post","link":"https:\/\/elfogoncal.com.uy\/web\/?p=748","title":{"rendered":"Visitamos la ExpoPrado 2015"},"content":{"rendered":"<p>El pasado lunes 14 de septiembre salimos desde la Cooperativa\u00a0 El Fog\u00f3n en Sarand\u00ed del Yi un grupo de 50 personas integrado por\u00a0 productores y sus familias\u00a0 rumbo a la Expo Prado 2015.<\/p>\n<p>En la misma pudimos apreciar todas las novedades del sector agropecuario, las juras de lanares y de\u00a0 caballos.<br \/>\nAl medio d\u00eda concurrimos al lanzamiento de la 16\u00aa fiesta del cordero pesado que se realizara ese mismo d\u00eda en el sal\u00f3n de eventos de la exposici\u00f3n, para\u00a0 luego seguir disfrutando de la exposici\u00f3n.<\/p>\n<p>Muchas gracias a todos los productores que nos acompa\u00f1aron por compartir esta jornada y hacer esto posible!<\/p>\n<hr \/>\n<p>&nbsp;<\/p>\n<p><img loading=\"lazy\" decoding=\"async\" class=\"aligncenter size-full wp-image-751\" src=\"https:\/\/elfogoncal.com.uy\/web\/wp-content\/uploads\/2015\/09\/11.jpg\" alt=\"1\" width=\"668\" height=\"503\" srcset=\"https:\/\/elfogoncal.com.uy\/web\/wp-content\/uploads\/2015\/09\/11.jpg 668w, https:\/\/elfogoncal.com.uy\/web\/wp-content\/uploads\/2015\/09\/11-398x300.jpg 398w\" sizes=\"auto, (max-width: 668px) 100vw, 668px\" \/> <img loading=\"lazy\" decoding=\"async\" class=\"aligncenter size-full wp-image-752\" src=\"https:\/\/elfogoncal.com.uy\/web\/wp-content\/uploads\/2015\/09\/2.jpg\" alt=\"2\" width=\"668\" height=\"503\" srcset=\"https:\/\/elfogoncal.com.uy\/web\/wp-content\/uploads\/2015\/09\/2.jpg 668w, https:\/\/elfogoncal.com.uy\/web\/wp-content\/uploads\/2015\/09\/2-398x300.jpg 398w\" sizes=\"auto, (max-width: 668px) 100vw, 668px\" \/> <img loading=\"lazy\" decoding=\"async\" class=\"aligncenter size-full wp-image-753\" src=\"https:\/\/elfogoncal.com.uy\/web\/wp-content\/uploads\/2015\/09\/3.jpg\" alt=\"3\" width=\"668\" height=\"503\" srcset=\"https:\/\/elfogoncal.com.uy\/web\/wp-content\/uploads\/2015\/09\/3.jpg 668w, https:\/\/elfogoncal.com.uy\/web\/wp-content\/uploads\/2015\/09\/3-398x300.jpg 398w\" sizes=\"auto, (max-width: 668px) 100vw, 668px\" \/> <img loading=\"lazy\" decoding=\"async\" class=\"aligncenter size-full wp-image-754\" src=\"https:\/\/elfogoncal.com.uy\/web\/wp-content\/uploads\/2015\/09\/4.jpg\" alt=\"4\" width=\"668\" height=\"503\" srcset=\"https:\/\/elfogoncal.com.uy\/web\/wp-content\/uploads\/2015\/09\/4.jpg 668w, https:\/\/elfogoncal.com.uy\/web\/wp-content\/uploads\/2015\/09\/4-398x300.jpg 398w\" sizes=\"auto, (max-width: 668px) 100vw, 668px\" \/><\/p>\n","protected":false},"excerpt":{"rendered":"<p>El pasado lunes 14 de septiembre salimos desde la Cooperativa\u00a0 El Fog\u00f3n en Sarand\u00ed del Yi un grupo de 50 personas integrado por\u00a0 productores y sus familias\u00a0 rumbo a la Expo Prado 2015. En la misma pudimos apreciar todas las novedades del sector agropecuario, las juras de lanares y de\u00a0 caballos. Al medio d\u00eda concurrimos [&hellip;]<\/p>\n","protected":false},"author":1,"featured_media":0,"comment_status":"open","ping_status":"open","sticky":false,"template":"","format":"standard","meta":{"footnotes":""},"categories":[2],"tags":[],"class_list":["post-748","post","type-post","status-publish","format-standard","hentry","category-noticias"],"_links":{"self":[{"href":"https:\/\/elfogoncal.com.uy\/web\/index.php?rest_route=\/wp\/v2\/posts\/748","targetHints":{"allow":["GET"]}}],"collection":[{"href":"https:\/\/elfogoncal.com.uy\/web\/index.php?rest_route=\/wp\/v2\/posts"}],"about":[{"href":"https:\/\/elfogoncal.com.uy\/web\/index.php?rest_route=\/wp\/v2\/types\/post"}],"author":[{"embeddable":true,"href":"https:\/\/elfogoncal.com.uy\/web\/index.php?rest_route=\/wp\/v2\/users\/1"}],"replies":[{"embeddable":true,"href":"https:\/\/elfogoncal.com.uy\/web\/index.php?rest_route=%2Fwp%2Fv2%2Fcomments&post=748"}],"version-history":[{"count":3,"href":"https:\/\/elfogoncal.com.uy\/web\/index.php?rest_route=\/wp\/v2\/posts\/748\/revisions"}],"predecessor-version":[{"id":755,"href":"https:\/\/elfogoncal.com.uy\/web\/index.php?rest_route=\/wp\/v2\/posts\/748\/revisions\/755"}],"wp:attachment":[{"href":"https:\/\/elfogoncal.com.uy\/web\/index.php?rest_route=%2Fwp%2Fv2%2Fmedia&parent=748"}],"wp:term":[{"taxonomy":"category","embeddable":true,"href":"https:\/\/elfogoncal.com.uy\/web\/index.php?rest_route=%2Fwp%2Fv2%2Fcategories&post=748"},{"taxonomy":"post_tag","embeddable":true,"href":"https:\/\/elfogoncal.com.uy\/web\/index.php?rest_route=%2Fwp%2Fv2%2Ftags&post=748"}],"curies":[{"name":"wp","href":"https:\/\/api.w.org\/{rel}","templated":true}]}}