{"id":736,"date":"2015-09-25T20:24:58","date_gmt":"2015-09-25T20:24:58","guid":{"rendered":"https:\/\/elfogoncal.com.uy\/web\/?p=736"},"modified":"2015-09-28T16:38:49","modified_gmt":"2015-09-28T16:38:49","slug":"736","status":"publish","type":"post","link":"https:\/\/elfogoncal.com.uy\/web\/?p=736","title":{"rendered":"Centro Tecnol\u00f3gico Ovino"},"content":{"rendered":"<p style=\"text-align: center;\"><img loading=\"lazy\" decoding=\"async\" class=\"aligncenter wp-image-737\" src=\"https:\/\/elfogoncal.com.uy\/web\/wp-content\/uploads\/2015\/09\/logo.png\" alt=\"logo\" width=\"195\" height=\"80\" \/><\/p>\n<hr \/>\n<p align=\"JUSTIFY\"><span style=\"font-family: Cambria,serif;\"><span style=\"font-size: medium;\"><i><b>El Centro Tecnol\u00f3gico Ovino (CTO) impulsado por Central Lanera Uruguaya (CLU) con el financiamiento de la Agencia Nacional de Investigaci\u00f3n e Innovaci\u00f3n (ANII), se encuentra en pleno funcionamiento. <\/b><\/i><\/span><\/span><\/p>\n<p align=\"JUSTIFY\"><span style=\"font-family: Cambria,serif;\"><span style=\"font-size: medium;\"><i><b>Los primeros productores ya est\u00e1n utilizando los servicios y productos, as\u00ed como recibiendo la asistencia t\u00e9cnica, con lo que se espera sea el primer paso para consolidar una \u201crevoluci\u00f3n ovina\u201d.<\/b><\/i><\/span><\/span><\/p>\n<hr \/>\n<p align=\"JUSTIFY\"><span style=\"font-size: medium;\">El <\/span><span style=\"font-size: medium;\"><b>CTO<\/b><\/span><span style=\"font-size: medium;\"> es un instrumento de <\/span><span style=\"font-size: medium;\"><b>promoci\u00f3n de la innovaci\u00f3n y transferencia de tecnolog\u00eda<\/b><\/span><span style=\"font-size: medium;\"> al <\/span><span style=\"font-size: medium;\"><b>sector productivo ovino,<\/b><\/span><span style=\"font-size: medium;\"> generando <\/span><span style=\"font-size: medium;\"><b>beneficios a los productores del rubro (carne y lana)<\/b><\/span><span style=\"font-size: medium;\">. El objetivo es ofrecer <\/span><span style=\"font-size: medium;\"><b>capacitaci\u00f3n, asistencia t\u00e9cnica, productos y servicios<\/b><\/span><span style=\"font-size: medium;\"> altamente innovadores, enfocados a <\/span><span style=\"font-size: medium;\"><b>incrementar la competitividad<\/b><\/span> <span style=\"font-size: medium;\"><b>del rubro ovino<\/b><\/span><span style=\"font-size: medium;\">.<\/span><\/p>\n<p align=\"JUSTIFY\"><span style=\"font-size: medium;\">Se apunta a levantar algunas restricciones, especialmente <\/span><span style=\"font-size: medium;\"><b>mejorando la productividad de los recursos humanos y atacando algunos problemas<\/b><\/span><span style=\"font-size: medium;\"> de marco, e intentar acercar <\/span><span style=\"font-size: medium;\"><b>nuestros indicadores a los de los pa\u00edses l\u00edderes como Nueva Zelanda y Australia.<\/b><\/span><\/p>\n<p align=\"JUSTIFY\"><span style=\"font-size: medium;\">Un an\u00e1lisis comparativo inicial con los principales competidores de Uruguay en carne ovina y lana, permiti\u00f3 identificar <\/span><span style=\"font-size: medium;\"><b>3 rutas tecnol\u00f3gicas<\/b><\/span><span style=\"font-size: medium;\"> (<\/span><span style=\"font-size: medium;\"><i><b>M\u00e1s corderos, Cordero eficiente y Mejor lana<\/b><\/i><\/span><span style=\"font-size: medium;\">) que se integran en el programa \u201c<\/span><span style=\"font-size: medium;\"><b>Gane m\u00e1s con sus ovinos<\/b><\/span><span style=\"font-size: medium;\">\u201d que ha lanzado Central Lanera. <\/span><\/p>\n<p align=\"JUSTIFY\"><span style=\"font-size: medium;\">Los <\/span><span style=\"font-size: medium;\"><b>productores<\/b><\/span><span style=\"font-size: medium;\"> ya disponen de los <\/span><span style=\"font-size: medium;\"><b>siguientes servicios y productos<\/b><\/span><span style=\"font-size: medium;\">;<\/span><\/p>\n<p align=\"JUSTIFY\"><a href=\"https:\/\/elfogoncal.com.uy\/web\/wp-content\/uploads\/2015\/09\/22.png\" target=\"_blank\"><img loading=\"lazy\" decoding=\"async\" class=\"aligncenter wp-image-738 size-full\" src=\"https:\/\/elfogoncal.com.uy\/web\/wp-content\/uploads\/2015\/09\/22.png\" alt=\"22\" width=\"726\" height=\"279\" srcset=\"https:\/\/elfogoncal.com.uy\/web\/wp-content\/uploads\/2015\/09\/22.png 726w, https:\/\/elfogoncal.com.uy\/web\/wp-content\/uploads\/2015\/09\/22-450x173.png 450w\" sizes=\"auto, (max-width: 726px) 100vw, 726px\" \/><\/a><\/p>\n<p class=\"western\" align=\"JUSTIFY\"><span style=\"font-size: medium;\">Aquellos <\/span><span style=\"font-size: medium;\"><b>productores que participan<\/b><\/span><span style=\"font-size: medium;\"> \u00edntegramente del programa, pueden obtener <\/span><span style=\"font-size: medium;\"><b>descuentos y apoyos de hasta US$ 10.000<\/b><\/span><span style=\"font-size: medium;\"> en los 3 a\u00f1os de proyecto, lo cual es un <\/span><span style=\"font-size: medium;\"><b>impulso<\/b><\/span><span style=\"font-size: medium;\"> muy importante para la <\/span><span style=\"font-size: medium;\"><b>aplicaci\u00f3n de nuevas tecnolog\u00edas<\/b><\/span><span style=\"font-size: medium;\">.<\/span><\/p>\n<p class=\"western\" align=\"JUSTIFY\"><span style=\"font-size: medium;\">Como forma de <\/span><span style=\"font-size: medium;\"><b>estimular la incorporaci\u00f3n de nuevos implementos<\/b><\/span><span style=\"font-size: medium;\"> tendientes a <\/span><span style=\"font-size: medium;\"><b>mejorar la eficiencia y calidad del trabajo<\/b><\/span><span style=\"font-size: medium;\">, as\u00ed como el <\/span><span style=\"font-size: medium;\"><b>bienestar animal<\/b><\/span><span style=\"font-size: medium;\">, el <\/span><span style=\"font-size: medium;\"><b>CTO sortear\u00e1 una camilla se\u00f1aladora de corderos modelo Vetmarker importada desde Nueva Zelanda<\/b><\/span><span style=\"font-size: medium;\">, entre los primeros <\/span><span style=\"font-size: medium;\"><b>50 productores inscriptos<\/b><\/span><span style=\"font-size: medium;\">. Se muestra su funcionamiento en las siguientes im\u00e1genes;<\/span><\/p>\n<p class=\"western\" align=\"JUSTIFY\"><a href=\"https:\/\/elfogoncal.com.uy\/web\/wp-content\/uploads\/2015\/09\/33.png\" target=\"_blank\"><img loading=\"lazy\" decoding=\"async\" class=\"aligncenter wp-image-741 size-full\" src=\"https:\/\/elfogoncal.com.uy\/web\/wp-content\/uploads\/2015\/09\/33.png\" alt=\"33\" width=\"732\" height=\"601\" srcset=\"https:\/\/elfogoncal.com.uy\/web\/wp-content\/uploads\/2015\/09\/33.png 732w, https:\/\/elfogoncal.com.uy\/web\/wp-content\/uploads\/2015\/09\/33-365x300.png 365w\" sizes=\"auto, (max-width: 732px) 100vw, 732px\" \/><\/a><\/p>\n<p class=\"western\" align=\"JUSTIFY\"><span style=\"font-size: medium;\">Todos los <\/span><span style=\"font-size: medium;\"><b>productores que remitan su lana y corderos a Central Lanera<\/b><\/span><span style=\"font-size: medium;\"> podr\u00e1n acceder a los <\/span><span style=\"font-size: medium;\"><b>servicios y asistencia t\u00e9cnica que el CTO ofrece<\/b><\/span><span style=\"font-size: medium;\">. Solamente tienen que <\/span><span style=\"font-size: medium;\"><b>contactarse <\/b><\/span><span style=\"font-size: medium;\">con su <\/span><span style=\"font-size: medium;\"><b>Cooperativa o Sociedad de Fomento Rural<\/b><\/span><span style=\"font-size: medium;\">, as\u00ed como con los <\/span><span style=\"font-size: medium;\"><b>promotores zonales de la Central<\/b><\/span><span style=\"font-size: medium;\">.<\/span><\/p>\n<p class=\"western\" style=\"text-align: center;\" align=\"JUSTIFY\"><img loading=\"lazy\" decoding=\"async\" class=\"aligncenter size-full wp-image-745\" src=\"https:\/\/elfogoncal.com.uy\/web\/wp-content\/uploads\/2015\/09\/logos2.png\" alt=\"logos2\" width=\"287\" height=\"94\" \/><\/p>\n","protected":false},"excerpt":{"rendered":"<p>El Centro Tecnol\u00f3gico Ovino (CTO) impulsado por Central Lanera Uruguaya (CLU) con el financiamiento de la Agencia Nacional de Investigaci\u00f3n e Innovaci\u00f3n (ANII), se encuentra en pleno funcionamiento. Los primeros productores ya est\u00e1n utilizando los servicios y productos, as\u00ed como recibiendo la asistencia t\u00e9cnica, con lo que se espera sea el primer paso para consolidar [&hellip;]<\/p>\n","protected":false},"author":1,"featured_media":0,"comment_status":"open","ping_status":"open","sticky":false,"template":"","format":"standard","meta":{"footnotes":""},"categories":[2],"tags":[],"class_list":["post-736","post","type-post","status-publish","format-standard","hentry","category-noticias"],"_links":{"self":[{"href":"https:\/\/elfogoncal.com.uy\/web\/index.php?rest_route=\/wp\/v2\/posts\/736","targetHints":{"allow":["GET"]}}],"collection":[{"href":"https:\/\/elfogoncal.com.uy\/web\/index.php?rest_route=\/wp\/v2\/posts"}],"about":[{"href":"https:\/\/elfogoncal.com.uy\/web\/index.php?rest_route=\/wp\/v2\/types\/post"}],"author":[{"embeddable":true,"href":"https:\/\/elfogoncal.com.uy\/web\/index.php?rest_route=\/wp\/v2\/users\/1"}],"replies":[{"embeddable":true,"href":"https:\/\/elfogoncal.com.uy\/web\/index.php?rest_route=%2Fwp%2Fv2%2Fcomments&post=736"}],"version-history":[{"count":7,"href":"https:\/\/elfogoncal.com.uy\/web\/index.php?rest_route=\/wp\/v2\/posts\/736\/revisions"}],"predecessor-version":[{"id":762,"href":"https:\/\/elfogoncal.com.uy\/web\/index.php?rest_route=\/wp\/v2\/posts\/736\/revisions\/762"}],"wp:attachment":[{"href":"https:\/\/elfogoncal.com.uy\/web\/index.php?rest_route=%2Fwp%2Fv2%2Fmedia&parent=736"}],"wp:term":[{"taxonomy":"category","embeddable":true,"href":"https:\/\/elfogoncal.com.uy\/web\/index.php?rest_route=%2Fwp%2Fv2%2Fcategories&post=736"},{"taxonomy":"post_tag","embeddable":true,"href":"https:\/\/elfogoncal.com.uy\/web\/index.php?rest_route=%2Fwp%2Fv2%2Ftags&post=736"}],"curies":[{"name":"wp","href":"https:\/\/api.w.org\/{rel}","templated":true}]}}