{"id":704,"date":"2015-09-18T15:55:06","date_gmt":"2015-09-18T15:55:06","guid":{"rendered":"https:\/\/elfogoncal.com.uy\/web\/?p=704"},"modified":"2015-09-21T15:59:51","modified_gmt":"2015-09-21T15:59:51","slug":"charla-cariquirri-itzaina","status":"publish","type":"post","link":"https:\/\/elfogoncal.com.uy\/web\/?p=704","title":{"rendered":"Jornada de Campo Natural"},"content":{"rendered":"<p>El pasado martes 8 de septiembre del 2015 se realiz\u00f3 en el Establecimiento \u201cEl Gavil\u00e1n\u201d de la familia Itzaina Gastambide la charla t\u00e9cnica y jornada de campo:<\/p>\n<p style=\"text-align: center;\">\u201cEvaluaci\u00f3n en red de de m\u00f3dulos de <strong>Pastoreo Racional en Campo Natural<\/strong>\u201d<\/p>\n<p>La jornada se realiz\u00f3 con un excelente marco de p\u00fablico entre productores y allegados a la cooperativa.<br \/>\nLa charla estuvo a cargo de los Ing. Agr. Esteban Cariquirri y Marcelo Pereira\u00a0 del Instituto Plan Agropecuario (IPA) con la colaboraci\u00f3n del tambi\u00e9n Ing. Agr. Francisco Itzaina Gastambide (uno de los anfitriones del establecimiento \u201cEl Gavil\u00e1n\u201d)<\/p>\n<p>Se hizo una recorrida de campo en la que se pudo observar el manejo que se est\u00e1 realizando en el establecimiento mediante la implementaci\u00f3n del pastoreo racional o rotativo y se pudieron apreciar los diferentes tapices y comunidades vegetales que integran el \u00e1rea destinada al pastoreo racional y la evoluci\u00f3n de esta de acuerdo al periodo en que se encuentra el campo en relaci\u00f3n a la entrada o salida de los animales.<\/p>\n<p>De acuerdo a los disertantes por el momento se viene trabajando con una carga total de 0,86 U.G. en 9 parcelas separadas de manera pr\u00e1ctica,\u00a0 por un alambrado el\u00e9ctrico de un hilo, en la cual est\u00e1n pastoreando unas 100 terneras. Las mismas demoran 60 d\u00edas\u00a0 promedio en volver a la parcela inicial (cada parcela cuanta con 60 d\u00edas de descanso antes de la entrada de los animales). El tiempo que permanecen los animales\u00a0 depende del \u00e1rea de cada una y del estado general de las pasturas, por lo que el tiempo de descanso es variable, adaptandose\u00a0 el mismo a las necesidades del establecimiento.<\/p>\n<p>Se destaco\u00a0 que si bien el manejo es variable,\u00a0 se lleva registro de todo monitoreandose\u00a0 el sistema en su globalidad, desde el peso objetivo de los animales hasta la materia seca, tanto la remante en las parcelas\u00a0 (la que dejan los animales) as\u00ed como la materia seca disponible (la de la parcela que entran los animales); incluso\u00a0 se est\u00e1 utilizando el monitoreo satelital, de manera de tener datos\u00a0 objetivos del crecimiento y diponibidad de las pasturas.<\/p>\n<p>Dado el inter\u00e9s demostrado por los participantes quedo fijada una nueva jornada para poder compartir los resultados y los datos obtenidos y\u00a0 ver la evoluci\u00f3n de los animales como de las pasturas.<\/p>\n<p>Esta nueva jornada quedo fijada para el pr\u00f3ximo 1 de diciembre del 2015 hora a confirmar.<\/p>\n<hr \/>\n<h3 style=\"text-align: center;\"><strong>GALER\u00cdA DE IM\u00c1GENES<\/strong><\/h3>\n<p style=\"text-align: center;\"><a href=\"https:\/\/elfogoncal.com.uy\/web\/galeria\/charla%202015\/\" target=\"_blank\"><img loading=\"lazy\" decoding=\"async\" class=\"aligncenter wp-image-708 size-full\" src=\"https:\/\/elfogoncal.com.uy\/web\/wp-content\/uploads\/2015\/09\/entrada.jpg\" alt=\"entrada\" width=\"527\" height=\"347\" srcset=\"https:\/\/elfogoncal.com.uy\/web\/wp-content\/uploads\/2015\/09\/entrada.jpg 527w, https:\/\/elfogoncal.com.uy\/web\/wp-content\/uploads\/2015\/09\/entrada-450x296.jpg 450w\" sizes=\"auto, (max-width: 527px) 100vw, 527px\" \/><\/a><\/p>\n","protected":false},"excerpt":{"rendered":"<p>El pasado martes 8 de septiembre del 2015 se realiz\u00f3 en el Establecimiento \u201cEl Gavil\u00e1n\u201d de la familia Itzaina Gastambide la charla t\u00e9cnica y jornada de campo: \u201cEvaluaci\u00f3n en red de de m\u00f3dulos de Pastoreo Racional en Campo Natural\u201d La jornada se realiz\u00f3 con un excelente marco de p\u00fablico entre productores y allegados a la [&hellip;]<\/p>\n","protected":false},"author":1,"featured_media":0,"comment_status":"open","ping_status":"open","sticky":false,"template":"","format":"standard","meta":{"footnotes":""},"categories":[2],"tags":[],"class_list":["post-704","post","type-post","status-publish","format-standard","hentry","category-noticias"],"_links":{"self":[{"href":"https:\/\/elfogoncal.com.uy\/web\/index.php?rest_route=\/wp\/v2\/posts\/704","targetHints":{"allow":["GET"]}}],"collection":[{"href":"https:\/\/elfogoncal.com.uy\/web\/index.php?rest_route=\/wp\/v2\/posts"}],"about":[{"href":"https:\/\/elfogoncal.com.uy\/web\/index.php?rest_route=\/wp\/v2\/types\/post"}],"author":[{"embeddable":true,"href":"https:\/\/elfogoncal.com.uy\/web\/index.php?rest_route=\/wp\/v2\/users\/1"}],"replies":[{"embeddable":true,"href":"https:\/\/elfogoncal.com.uy\/web\/index.php?rest_route=%2Fwp%2Fv2%2Fcomments&post=704"}],"version-history":[{"count":6,"href":"https:\/\/elfogoncal.com.uy\/web\/index.php?rest_route=\/wp\/v2\/posts\/704\/revisions"}],"predecessor-version":[{"id":719,"href":"https:\/\/elfogoncal.com.uy\/web\/index.php?rest_route=\/wp\/v2\/posts\/704\/revisions\/719"}],"wp:attachment":[{"href":"https:\/\/elfogoncal.com.uy\/web\/index.php?rest_route=%2Fwp%2Fv2%2Fmedia&parent=704"}],"wp:term":[{"taxonomy":"category","embeddable":true,"href":"https:\/\/elfogoncal.com.uy\/web\/index.php?rest_route=%2Fwp%2Fv2%2Fcategories&post=704"},{"taxonomy":"post_tag","embeddable":true,"href":"https:\/\/elfogoncal.com.uy\/web\/index.php?rest_route=%2Fwp%2Fv2%2Ftags&post=704"}],"curies":[{"name":"wp","href":"https:\/\/api.w.org\/{rel}","templated":true}]}}