{"id":695,"date":"2015-09-18T15:18:34","date_gmt":"2015-09-18T15:18:34","guid":{"rendered":"https:\/\/elfogoncal.com.uy\/web\/?p=695"},"modified":"2015-09-18T17:21:54","modified_gmt":"2015-09-18T17:21:54","slug":"acuerdo-brangus-el-coraje","status":"publish","type":"post","link":"https:\/\/elfogoncal.com.uy\/web\/?p=695","title":{"rendered":"Acuerdo Brangus &#8211; El Coraje"},"content":{"rendered":"<p align=\"CENTER\"><a href=\"https:\/\/elfogoncal.com.uy\/web\/wp-content\/uploads\/2015\/09\/el_coraje_mailing.pdf\" target=\"_blank\"><img loading=\"lazy\" decoding=\"async\" class=\"aligncenter wp-image-696 size-full\" src=\"https:\/\/elfogoncal.com.uy\/web\/wp-content\/uploads\/2015\/09\/1.jpg\" alt=\"1\" width=\"500\" height=\"693\" srcset=\"https:\/\/elfogoncal.com.uy\/web\/wp-content\/uploads\/2015\/09\/1.jpg 500w, https:\/\/elfogoncal.com.uy\/web\/wp-content\/uploads\/2015\/09\/1-216x300.jpg 216w\" sizes=\"auto, (max-width: 500px) 100vw, 500px\" \/><\/a><\/p>\n<hr \/>\n<p align=\"JUSTIFY\">Hemos realizado un acuerdo con la caba\u00f1a El Coraje de la familia Bove Itzaina Hnos.<br \/>\nMediante este acuerdo todos los productores de nuestra cooperativa podr\u00e1n acceder a un descuento adicional del 4% del valor de ventas en la pista.<\/p>\n<p align=\"JUSTIFY\"><strong>Por mayor informaci\u00f3n contactarse directamente con nuestro departamento ganadero:<\/strong><\/p>\n<p>Tec. Agro. Mauricio Gonzalez<br \/>\n<b>Tel.:<\/b> 4367 9284 \u2013\u00a0 4367 9066<br \/>\n<b>Cel.:<\/b> 099 758982<br \/>\n<b>E-mail:<\/b> <a href=\"mailto:dgandero@elfogoncal.com.uy\">dgandero@elfogoncal.com.uy<\/a><\/p>\n<p align=\"JUSTIFY\">Para descargar el catalogo completo del remate entrar en:<br \/>\n<a href=\"http:\/\/www.elfogoncal.com.uy\" target=\"_blank\">http:\/\/www.elfogoncal.com.uy<\/a><\/p>\n<p align=\"JUSTIFY\"><strong>[important]::<a href=\"https:\/\/elfogoncal.com.uy\/web\/wp-content\/uploads\/2015\/09\/el_coraje_mailing.pdf\" target=\"_blank\">DESCARGAR PDF<\/a> ::[\/important]<\/strong><\/p>\n<hr \/>\n<p align=\"JUSTIFY\"><img loading=\"lazy\" decoding=\"async\" class=\"aligncenter wp-image-473 size-full\" src=\"https:\/\/elfogoncal.com.uy\/web\/wp-content\/uploads\/2014\/11\/logo-fogon.png\" alt=\"logo fogon\" width=\"150\" height=\"129\" \/><\/p>\n","protected":false},"excerpt":{"rendered":"<p>Hemos realizado un acuerdo con la caba\u00f1a El Coraje de la familia Bove Itzaina Hnos. Mediante este acuerdo todos los productores de nuestra cooperativa podr\u00e1n acceder a un descuento adicional del 4% del valor de ventas en la pista. Por mayor informaci\u00f3n contactarse directamente con nuestro departamento ganadero: Tec. Agro. Mauricio Gonzalez Tel.: 4367 9284 [&hellip;]<\/p>\n","protected":false},"author":1,"featured_media":0,"comment_status":"open","ping_status":"open","sticky":false,"template":"","format":"standard","meta":{"footnotes":""},"categories":[2],"tags":[],"class_list":["post-695","post","type-post","status-publish","format-standard","hentry","category-noticias"],"_links":{"self":[{"href":"https:\/\/elfogoncal.com.uy\/web\/index.php?rest_route=\/wp\/v2\/posts\/695","targetHints":{"allow":["GET"]}}],"collection":[{"href":"https:\/\/elfogoncal.com.uy\/web\/index.php?rest_route=\/wp\/v2\/posts"}],"about":[{"href":"https:\/\/elfogoncal.com.uy\/web\/index.php?rest_route=\/wp\/v2\/types\/post"}],"author":[{"embeddable":true,"href":"https:\/\/elfogoncal.com.uy\/web\/index.php?rest_route=\/wp\/v2\/users\/1"}],"replies":[{"embeddable":true,"href":"https:\/\/elfogoncal.com.uy\/web\/index.php?rest_route=%2Fwp%2Fv2%2Fcomments&post=695"}],"version-history":[{"count":7,"href":"https:\/\/elfogoncal.com.uy\/web\/index.php?rest_route=\/wp\/v2\/posts\/695\/revisions"}],"predecessor-version":[{"id":718,"href":"https:\/\/elfogoncal.com.uy\/web\/index.php?rest_route=\/wp\/v2\/posts\/695\/revisions\/718"}],"wp:attachment":[{"href":"https:\/\/elfogoncal.com.uy\/web\/index.php?rest_route=%2Fwp%2Fv2%2Fmedia&parent=695"}],"wp:term":[{"taxonomy":"category","embeddable":true,"href":"https:\/\/elfogoncal.com.uy\/web\/index.php?rest_route=%2Fwp%2Fv2%2Fcategories&post=695"},{"taxonomy":"post_tag","embeddable":true,"href":"https:\/\/elfogoncal.com.uy\/web\/index.php?rest_route=%2Fwp%2Fv2%2Ftags&post=695"}],"curies":[{"name":"wp","href":"https:\/\/api.w.org\/{rel}","templated":true}]}}