{"id":445,"date":"2014-11-10T16:01:16","date_gmt":"2014-11-10T16:01:16","guid":{"rendered":"https:\/\/elfogoncal.com.uy\/web\/?p=445"},"modified":"2014-11-24T19:17:18","modified_gmt":"2014-11-24T19:17:18","slug":"charla-plan-agro-noviembre-2014","status":"publish","type":"post","link":"https:\/\/elfogoncal.com.uy\/web\/?p=445","title":{"rendered":"Charla Plan Agro Noviembre 2014"},"content":{"rendered":"<p align=\"JUSTIFY\">El pasado jueves 6 de noviembre del 2014 se realizo en la sede de nuestra cooperativa la charla t\u00e9cnica:<\/p>\n<h3 style=\"text-align: left;\" align=\"CENTER\"><b>Una mirada amplia de la Gesti\u00f3n predial.<br \/>\nAspectos tributarios, legislaci\u00f3n laboral, beneficios y obligaciones.<\/b><\/h3>\n<p style=\"text-align: left;\" align=\"JUSTIFY\">La misma estuvo a cargo del Ing. Agr. Carlos Molina y Cr.\u00a0Cecilia Coppola<b>\u00a0<\/b> del Instituto Plan Agropecuario (IPA). En la charla se trataron los aspectos m\u00e1s relevantes de la gesti\u00f3n predial relacionada a lo tributario y lo laboral; como los ben\u00e9ficos fiscales, las relaciones con el BPS (derechos y obligaciones), Seguridad laboral, ley de inclusi\u00f3n financiera entre otros temas.<\/p>\n<p align=\"JUSTIFY\">Los disertantes destacaron que existen un importante n\u00famero de beneficios, disposiciones normas, derechos y obligaciones para los cuales es relevante estar informado y ante la duda lo m\u00e1s conveniente es asesorarse.<\/p>\n<p align=\"JUSTIFY\">Se conto con un buen marco de p\u00fablico con m\u00e1s de 30 productores, socios y allegados a la cooperativa.<\/p>\n<p align=\"JUSTIFY\">Luego de la presentaci\u00f3n se realizo una cena de camarader\u00eda en la que se logro intercambiar opiniones entre los productores y los t\u00e9cnicos disertantes.<\/p>\n<p>&nbsp;<\/p>\n<p><strong>Descargar material de la charla:<\/strong><\/p>\n<ul>\n<li><a href=\"https:\/\/elfogoncal.com.uy\/web\/wp-content\/uploads\/2014\/11\/Productores-derechos-obligaciones-El-Fogon.pdf\" target=\"_blank\">Presentaci\u00f3n de la charla<\/a><\/li>\n<li><a href=\"https:\/\/elfogoncal.com.uy\/web\/galeria\/charla%20nov%202014\/\" target=\"_blank\">Im\u00e1genes<\/a><\/li>\n<\/ul>\n<p><strong>Descargar o reproducir audio de la charla:<\/strong><\/p>\n<p><iframe loading=\"lazy\" style=\"overflow: hidden; height: 64px; width: 566px; border: 0px none; margin: 0px;\" src=\"http:\/\/www.4shared.com\/web\/embed\/audio\/file\/NtTSwFxOce?type=MINI&amp;widgetWidth=530&amp;showArtwork=true&amp;showCover=true&amp;lightTheme=true&amp;playlistHeight=0&amp;widgetRid=341623002478\" width=\"300\" height=\"150\"><\/iframe><\/p>\n","protected":false},"excerpt":{"rendered":"<p>El pasado jueves 6 de noviembre del 2014 se realizo en la sede de nuestra cooperativa la charla t\u00e9cnica: Una mirada amplia de la Gesti\u00f3n predial. Aspectos tributarios, legislaci\u00f3n laboral, beneficios y obligaciones. La misma estuvo a cargo del Ing. Agr. Carlos Molina y Cr.\u00a0Cecilia Coppola\u00a0 del Instituto Plan Agropecuario (IPA). En la charla se [&hellip;]<\/p>\n","protected":false},"author":1,"featured_media":465,"comment_status":"open","ping_status":"open","sticky":false,"template":"","format":"standard","meta":{"footnotes":""},"categories":[2],"tags":[],"class_list":["post-445","post","type-post","status-publish","format-standard","has-post-thumbnail","hentry","category-noticias"],"_links":{"self":[{"href":"https:\/\/elfogoncal.com.uy\/web\/index.php?rest_route=\/wp\/v2\/posts\/445","targetHints":{"allow":["GET"]}}],"collection":[{"href":"https:\/\/elfogoncal.com.uy\/web\/index.php?rest_route=\/wp\/v2\/posts"}],"about":[{"href":"https:\/\/elfogoncal.com.uy\/web\/index.php?rest_route=\/wp\/v2\/types\/post"}],"author":[{"embeddable":true,"href":"https:\/\/elfogoncal.com.uy\/web\/index.php?rest_route=\/wp\/v2\/users\/1"}],"replies":[{"embeddable":true,"href":"https:\/\/elfogoncal.com.uy\/web\/index.php?rest_route=%2Fwp%2Fv2%2Fcomments&post=445"}],"version-history":[{"count":14,"href":"https:\/\/elfogoncal.com.uy\/web\/index.php?rest_route=\/wp\/v2\/posts\/445\/revisions"}],"predecessor-version":[{"id":460,"href":"https:\/\/elfogoncal.com.uy\/web\/index.php?rest_route=\/wp\/v2\/posts\/445\/revisions\/460"}],"wp:featuredmedia":[{"embeddable":true,"href":"https:\/\/elfogoncal.com.uy\/web\/index.php?rest_route=\/wp\/v2\/media\/465"}],"wp:attachment":[{"href":"https:\/\/elfogoncal.com.uy\/web\/index.php?rest_route=%2Fwp%2Fv2%2Fmedia&parent=445"}],"wp:term":[{"taxonomy":"category","embeddable":true,"href":"https:\/\/elfogoncal.com.uy\/web\/index.php?rest_route=%2Fwp%2Fv2%2Fcategories&post=445"},{"taxonomy":"post_tag","embeddable":true,"href":"https:\/\/elfogoncal.com.uy\/web\/index.php?rest_route=%2Fwp%2Fv2%2Ftags&post=445"}],"curies":[{"name":"wp","href":"https:\/\/api.w.org\/{rel}","templated":true}]}}