{"id":433,"date":"2014-11-03T16:34:58","date_gmt":"2014-11-03T16:34:58","guid":{"rendered":"https:\/\/elfogoncal.com.uy\/web\/?p=433"},"modified":"2014-11-03T16:57:29","modified_gmt":"2014-11-03T16:57:29","slug":"participacion-y-presencia-en-la-expo-sarandi-del-yi-2014","status":"publish","type":"post","link":"https:\/\/elfogoncal.com.uy\/web\/?p=433","title":{"rendered":"Participaci\u00f3n y Presencia en la Expo Sarand\u00ed del Y\u00ed 2014"},"content":{"rendered":"<p>Los pasados 17 y 18 de octubre se realizo la Expo Sarand\u00ed del Y\u00ed 2014, la misma conto con un buen marco de p\u00fablico entre productores y t\u00e9cnicos, adem\u00e1s de contar con presencia de prensa local y nacional. Dentro de la misma se realizo el ya tradicional concurso de domadores y el 6\u00ba remate anual de de los criollos de la caba\u00f1a La Escondida, adem\u00e1s de la exposici\u00f3n, jura y remate de reproductores vacunos de las diferentes razas.<\/p>\n<p>El Fog\u00f3n conto con un stand en el cual pudimos mostrar la nueva imagen institucional de la cooperativa, adem\u00e1s de poder publicitar algunos de los servicio de la cooperativa como el novedoso ba\u00f1o de inmersi\u00f3n para lanares.<\/p>\n<p>En el dicho stand se cont\u00f3 con merchandising y folletos institucionales de manera de poder difundir los diferentes servicios que la cooperativa presta a sus socios.<br \/>\nEn cuanto a los principales veredicos, para Polled Hereford el lote campe\u00f3n PI fue la manga 5 de Mario Ibarburo en puro de origen en primer premio fue para la manga 15 de Richard Aramburu. En raza Aberdeen Angus el lote campe\u00f3n PI fue la manga 8 de Jose Justo Betizagasti en puro de origen en primer premio fue para la manga 28 de Frigor\u00edfico Modelo SA. Los Braford el lote campe\u00f3n fue la manga 36 de Echenique y Rios .<\/p>\n<p><a href=\"https:\/\/elfogoncal.com.uy\/web\/wp-content\/uploads\/2014\/11\/4.jpg\" target=\"_blank\"><img loading=\"lazy\" decoding=\"async\" class=\"aligncenter wp-image-435\" src=\"https:\/\/elfogoncal.com.uy\/web\/wp-content\/uploads\/2014\/11\/4.jpg\" alt=\"4\" width=\"420\" height=\"295\" srcset=\"https:\/\/elfogoncal.com.uy\/web\/wp-content\/uploads\/2014\/11\/4.jpg 891w, https:\/\/elfogoncal.com.uy\/web\/wp-content\/uploads\/2014\/11\/4-427x300.jpg 427w\" sizes=\"auto, (max-width: 420px) 100vw, 420px\" \/><\/a><\/p>\n","protected":false},"excerpt":{"rendered":"<p>Los pasados 17 y 18 de octubre se realizo la Expo Sarand\u00ed del Y\u00ed 2014, la misma conto con un buen marco de p\u00fablico entre productores y t\u00e9cnicos, adem\u00e1s de contar con presencia de prensa local y nacional. Dentro de la misma se realizo el ya tradicional concurso de domadores y el 6\u00ba remate anual [&hellip;]<\/p>\n","protected":false},"author":1,"featured_media":0,"comment_status":"open","ping_status":"open","sticky":false,"template":"","format":"standard","meta":{"footnotes":""},"categories":[2],"tags":[],"class_list":["post-433","post","type-post","status-publish","format-standard","hentry","category-noticias"],"_links":{"self":[{"href":"https:\/\/elfogoncal.com.uy\/web\/index.php?rest_route=\/wp\/v2\/posts\/433","targetHints":{"allow":["GET"]}}],"collection":[{"href":"https:\/\/elfogoncal.com.uy\/web\/index.php?rest_route=\/wp\/v2\/posts"}],"about":[{"href":"https:\/\/elfogoncal.com.uy\/web\/index.php?rest_route=\/wp\/v2\/types\/post"}],"author":[{"embeddable":true,"href":"https:\/\/elfogoncal.com.uy\/web\/index.php?rest_route=\/wp\/v2\/users\/1"}],"replies":[{"embeddable":true,"href":"https:\/\/elfogoncal.com.uy\/web\/index.php?rest_route=%2Fwp%2Fv2%2Fcomments&post=433"}],"version-history":[{"count":3,"href":"https:\/\/elfogoncal.com.uy\/web\/index.php?rest_route=\/wp\/v2\/posts\/433\/revisions"}],"predecessor-version":[{"id":437,"href":"https:\/\/elfogoncal.com.uy\/web\/index.php?rest_route=\/wp\/v2\/posts\/433\/revisions\/437"}],"wp:attachment":[{"href":"https:\/\/elfogoncal.com.uy\/web\/index.php?rest_route=%2Fwp%2Fv2%2Fmedia&parent=433"}],"wp:term":[{"taxonomy":"category","embeddable":true,"href":"https:\/\/elfogoncal.com.uy\/web\/index.php?rest_route=%2Fwp%2Fv2%2Fcategories&post=433"},{"taxonomy":"post_tag","embeddable":true,"href":"https:\/\/elfogoncal.com.uy\/web\/index.php?rest_route=%2Fwp%2Fv2%2Ftags&post=433"}],"curies":[{"name":"wp","href":"https:\/\/api.w.org\/{rel}","templated":true}]}}