{"id":4,"date":"2014-05-29T17:03:47","date_gmt":"2014-05-29T17:03:47","guid":{"rendered":"https:\/\/elfogoncal.com.uy\/web\/?p=4"},"modified":"2014-06-02T16:30:38","modified_gmt":"2014-06-02T16:30:38","slug":"prueba","status":"publish","type":"post","link":"https:\/\/elfogoncal.com.uy\/web\/?p=4","title":{"rendered":"Cooperativa El Fog\u00f3n de Sarand\u00ed del Y\u00ed contin\u00faa celebrando su cincuentenario: hoy con charla t\u00e9cnica"},"content":{"rendered":"<p><a href=\"https:\/\/elfogoncal.com.uy\/web\/wp-content\/uploads\/2014\/05\/12283_cooperativa.jpg\"><img loading=\"lazy\" decoding=\"async\" class=\"alignleft wp-image-19 size-medium\" src=\"https:\/\/elfogoncal.com.uy\/web\/wp-content\/uploads\/2014\/05\/12283_cooperativa-300x204.jpg\" alt=\"12283_cooperativa\" width=\"300\" height=\"204\" srcset=\"https:\/\/elfogoncal.com.uy\/web\/wp-content\/uploads\/2014\/05\/12283_cooperativa-300x204.jpg 300w, https:\/\/elfogoncal.com.uy\/web\/wp-content\/uploads\/2014\/05\/12283_cooperativa.jpg 440w\" sizes=\"auto, (max-width: 300px) 100vw, 300px\" \/><\/a>\u00abLos sue\u00f1os que iniciaron muchos de los que ya no est\u00e1n, se han hecho realidad con los actuales directivos y socios de la instituci\u00f3n\u00bb. Es tan sola una de las tantas frases dichas y escritas por estos d\u00edas en Sarand\u00ed del Y\u00ed, en ocasi\u00f3n de los 50 a\u00f1os de la Cooperativa Agraria El Fog\u00f3n, una de las m\u00e1s tradicionales de la regi\u00f3n y en plena vigencia.<!--more--><\/p>\n<p>Los festejos, que tuvieron su epicentro este pasado lunes pero que contin\u00faan en horas de este jueves, se iniciaron con una Misa en Acci\u00f3n de Gracias que fue oficiada por el P\u00e1rroco Padre Albeiro y el Padre Jos\u00e9 del Instituto Paiva.<br \/>\nPreviamente, el ex sacerdote (radicado en Durazno) Julio Arrillaga se refiri\u00f3 al comienzo del proyecto en los inicios de los a\u00f1os 60. Relat\u00f3 que \u00abparticip\u00e9 en los fogones que se llevaban a cabo en establecimientos de la zona, caracterizados por el arraigo a valores cristianos y a una uni\u00f3n de las personas en pos de una sola causa, el desarrollo de la familia rural. La idea fue tomando forma hasta que en 1961 se fund\u00f3 la cooperativa. Ya han pasado 50 a\u00f1os de aquel entonces, pero el ideario y los sue\u00f1os que forjaron a los productores que la fundaron, siguen intactos a trav\u00e9s de las nuevas generaciones\u00bb.<\/p>\n","protected":false},"excerpt":{"rendered":"<p>\u00abLos sue\u00f1os que iniciaron muchos de los que ya no est\u00e1n, se han hecho realidad con los actuales directivos y socios de la instituci\u00f3n\u00bb. Es tan sola una de las tantas frases dichas y escritas por estos d\u00edas en Sarand\u00ed del Y\u00ed, en ocasi\u00f3n de los 50 a\u00f1os de la Cooperativa Agraria El Fog\u00f3n, una [&hellip;]<\/p>\n","protected":false},"author":1,"featured_media":0,"comment_status":"open","ping_status":"open","sticky":false,"template":"","format":"standard","meta":{"footnotes":""},"categories":[2],"tags":[],"class_list":["post-4","post","type-post","status-publish","format-standard","hentry","category-noticias"],"_links":{"self":[{"href":"https:\/\/elfogoncal.com.uy\/web\/index.php?rest_route=\/wp\/v2\/posts\/4","targetHints":{"allow":["GET"]}}],"collection":[{"href":"https:\/\/elfogoncal.com.uy\/web\/index.php?rest_route=\/wp\/v2\/posts"}],"about":[{"href":"https:\/\/elfogoncal.com.uy\/web\/index.php?rest_route=\/wp\/v2\/types\/post"}],"author":[{"embeddable":true,"href":"https:\/\/elfogoncal.com.uy\/web\/index.php?rest_route=\/wp\/v2\/users\/1"}],"replies":[{"embeddable":true,"href":"https:\/\/elfogoncal.com.uy\/web\/index.php?rest_route=%2Fwp%2Fv2%2Fcomments&post=4"}],"version-history":[{"count":3,"href":"https:\/\/elfogoncal.com.uy\/web\/index.php?rest_route=\/wp\/v2\/posts\/4\/revisions"}],"predecessor-version":[{"id":20,"href":"https:\/\/elfogoncal.com.uy\/web\/index.php?rest_route=\/wp\/v2\/posts\/4\/revisions\/20"}],"wp:attachment":[{"href":"https:\/\/elfogoncal.com.uy\/web\/index.php?rest_route=%2Fwp%2Fv2%2Fmedia&parent=4"}],"wp:term":[{"taxonomy":"category","embeddable":true,"href":"https:\/\/elfogoncal.com.uy\/web\/index.php?rest_route=%2Fwp%2Fv2%2Fcategories&post=4"},{"taxonomy":"post_tag","embeddable":true,"href":"https:\/\/elfogoncal.com.uy\/web\/index.php?rest_route=%2Fwp%2Fv2%2Ftags&post=4"}],"curies":[{"name":"wp","href":"https:\/\/api.w.org\/{rel}","templated":true}]}}