{"id":380,"date":"2014-10-02T15:14:10","date_gmt":"2014-10-02T15:14:10","guid":{"rendered":"https:\/\/elfogoncal.com.uy\/web\/?p=380"},"modified":"2014-10-02T15:14:51","modified_gmt":"2014-10-02T15:14:51","slug":"convenio-apicola","status":"publish","type":"post","link":"https:\/\/elfogoncal.com.uy\/web\/?p=380","title":{"rendered":"Convenio Ap\u00edcola"},"content":{"rendered":"<p><img loading=\"lazy\" decoding=\"async\" class=\"alignleft wp-image-381 size-full\" src=\"https:\/\/elfogoncal.com.uy\/web\/wp-content\/uploads\/2014\/10\/3.jpg\" alt=\"3\" width=\"458\" height=\"343\" srcset=\"https:\/\/elfogoncal.com.uy\/web\/wp-content\/uploads\/2014\/10\/3.jpg 458w, https:\/\/elfogoncal.com.uy\/web\/wp-content\/uploads\/2014\/10\/3-400x300.jpg 400w\" sizes=\"auto, (max-width: 458px) 100vw, 458px\" \/><\/p>\n<p>El pasado 11 de septiembre del 2014 se firmo un convenio entre nuestra cooperativa y el MGAP denominado <b>Plan N\u00b0 244 K: \u00abMejora de la competitividad de productores ap\u00edcolas en la regi\u00f3n de Durazno a trav\u00e9s de la mejora tecnol\u00f3gica, articulaci\u00f3n de la cadena y capacitaci\u00f3n continua\u00bb.<\/b><\/p>\n<p>Con la firma de este convenio se acede a un fondo no reintegrable destinado principalmente a la asistencia t\u00e9cnica y a la capacitaci\u00f3n del grupo de productores ap\u00edcolas de sarand\u00ed del yi.<\/p>\n<p>&nbsp;<\/p>\n","protected":false},"excerpt":{"rendered":"<p>El pasado 11 de septiembre del 2014 se firmo un convenio entre nuestra cooperativa y el MGAP denominado Plan N\u00b0 244 K: \u00abMejora de la competitividad de productores ap\u00edcolas en la regi\u00f3n de Durazno a trav\u00e9s de la mejora tecnol\u00f3gica, articulaci\u00f3n de la cadena y capacitaci\u00f3n continua\u00bb. Con la firma de este convenio se acede [&hellip;]<\/p>\n","protected":false},"author":1,"featured_media":0,"comment_status":"open","ping_status":"open","sticky":false,"template":"","format":"standard","meta":{"footnotes":""},"categories":[2],"tags":[],"class_list":["post-380","post","type-post","status-publish","format-standard","hentry","category-noticias"],"_links":{"self":[{"href":"https:\/\/elfogoncal.com.uy\/web\/index.php?rest_route=\/wp\/v2\/posts\/380","targetHints":{"allow":["GET"]}}],"collection":[{"href":"https:\/\/elfogoncal.com.uy\/web\/index.php?rest_route=\/wp\/v2\/posts"}],"about":[{"href":"https:\/\/elfogoncal.com.uy\/web\/index.php?rest_route=\/wp\/v2\/types\/post"}],"author":[{"embeddable":true,"href":"https:\/\/elfogoncal.com.uy\/web\/index.php?rest_route=\/wp\/v2\/users\/1"}],"replies":[{"embeddable":true,"href":"https:\/\/elfogoncal.com.uy\/web\/index.php?rest_route=%2Fwp%2Fv2%2Fcomments&post=380"}],"version-history":[{"count":2,"href":"https:\/\/elfogoncal.com.uy\/web\/index.php?rest_route=\/wp\/v2\/posts\/380\/revisions"}],"predecessor-version":[{"id":383,"href":"https:\/\/elfogoncal.com.uy\/web\/index.php?rest_route=\/wp\/v2\/posts\/380\/revisions\/383"}],"wp:attachment":[{"href":"https:\/\/elfogoncal.com.uy\/web\/index.php?rest_route=%2Fwp%2Fv2%2Fmedia&parent=380"}],"wp:term":[{"taxonomy":"category","embeddable":true,"href":"https:\/\/elfogoncal.com.uy\/web\/index.php?rest_route=%2Fwp%2Fv2%2Fcategories&post=380"},{"taxonomy":"post_tag","embeddable":true,"href":"https:\/\/elfogoncal.com.uy\/web\/index.php?rest_route=%2Fwp%2Fv2%2Ftags&post=380"}],"curies":[{"name":"wp","href":"https:\/\/api.w.org\/{rel}","templated":true}]}}