{"id":3454,"date":"2023-11-28T20:55:23","date_gmt":"2023-11-28T20:55:23","guid":{"rendered":"https:\/\/elfogoncal.com.uy\/web\/?p=3454"},"modified":"2023-12-04T14:16:48","modified_gmt":"2023-12-04T14:16:48","slug":"asamblea-general-ordinaria-2023","status":"publish","type":"post","link":"https:\/\/elfogoncal.com.uy\/web\/?p=3454","title":{"rendered":"ASAMBLEA GENERAL ORDINARIA 2023"},"content":{"rendered":"<div class=\"wp-block-image\">\n<figure class=\"aligncenter size-full\"><img loading=\"lazy\" decoding=\"async\" width=\"150\" height=\"129\" src=\"https:\/\/elfogoncal.com.uy\/web\/wp-content\/uploads\/2014\/11\/logo-fogon.png\" alt=\"\" class=\"wp-image-473\"\/><\/figure><\/div>\n\n\n<h2 class=\"wp-block-heading has-text-align-center\">COMUNICADO DE PRENSA<\/h2>\n\n\n\n<p>El Consejo Directivo de El Fog\u00f3n Cooperativa Agraria Limitada invita a los Sres. SOCIOS a participar de la <strong>ASAMBLEA ANUAL GENERAL ORDINARIA <\/strong>a realizarse el mi\u00e9rcoles 20 de diciembre de 2023, en la sede central de nuestra cooperativa, Presidente Berro 752, Sarand\u00ed del Y\u00ed, Durazno. Primer llamado a la hora 19.00 y segundo llamado a la hora 20.00.<\/p>\n\n\n\n<p><strong>El Orden del d\u00eda ser\u00e1 el siguiente:<\/strong><\/p>\n\n\n\n<ol class=\"wp-block-list\">\n<li>Lectura Acta Asamblea Anterior<\/li>\n\n\n\n<li>Informe de la Comisi\u00f3n Fiscal<\/li>\n\n\n\n<li>Memoria Anual 2022-2023<\/li>\n\n\n\n<li>Estados Contables 2022-2023<\/li>\n\n\n\n<li>Proyecto de distribuci\u00f3n de excedentes o financiaci\u00f3n de p\u00e9rdidas<\/li>\n\n\n\n<li>Elecci\u00f3n de autoridades del Consejo Directivo, Comisi\u00f3n Fiscal y Comisi\u00f3n Electoral con sus suplentes<\/li>\n\n\n\n<li>Designaci\u00f3n de dos socios para firmar el Acta de Asamblea<br><\/li>\n<\/ol>\n\n\n\n<h4 class=\"wp-block-heading has-text-align-center\"><br><strong>COOPERATIVA EL FOG\u00d3N<\/strong><\/h4>\n\n\n\n<p class=\"has-text-align-center\">Sr. Sergio Itzaina &#8211; <strong>Presidente<\/strong><br>Sr. Luis E. Tritten &#8211; <strong>Secretario<\/strong><br><\/p>\n","protected":false},"excerpt":{"rendered":"<p>COMUNICADO DE PRENSA El Consejo Directivo de El Fog\u00f3n Cooperativa Agraria Limitada invita a los Sres. SOCIOS a participar de la ASAMBLEA ANUAL GENERAL ORDINARIA a realizarse el mi\u00e9rcoles 20 de diciembre de 2023, en la sede central de nuestra cooperativa, Presidente Berro 752, Sarand\u00ed del Y\u00ed, Durazno. Primer llamado a la hora 19.00 y [&hellip;]<\/p>\n","protected":false},"author":1,"featured_media":1244,"comment_status":"closed","ping_status":"closed","sticky":false,"template":"","format":"standard","meta":{"footnotes":""},"categories":[2],"tags":[],"class_list":["post-3454","post","type-post","status-publish","format-standard","has-post-thumbnail","hentry","category-noticias"],"_links":{"self":[{"href":"https:\/\/elfogoncal.com.uy\/web\/index.php?rest_route=\/wp\/v2\/posts\/3454","targetHints":{"allow":["GET"]}}],"collection":[{"href":"https:\/\/elfogoncal.com.uy\/web\/index.php?rest_route=\/wp\/v2\/posts"}],"about":[{"href":"https:\/\/elfogoncal.com.uy\/web\/index.php?rest_route=\/wp\/v2\/types\/post"}],"author":[{"embeddable":true,"href":"https:\/\/elfogoncal.com.uy\/web\/index.php?rest_route=\/wp\/v2\/users\/1"}],"replies":[{"embeddable":true,"href":"https:\/\/elfogoncal.com.uy\/web\/index.php?rest_route=%2Fwp%2Fv2%2Fcomments&post=3454"}],"version-history":[{"count":5,"href":"https:\/\/elfogoncal.com.uy\/web\/index.php?rest_route=\/wp\/v2\/posts\/3454\/revisions"}],"predecessor-version":[{"id":3506,"href":"https:\/\/elfogoncal.com.uy\/web\/index.php?rest_route=\/wp\/v2\/posts\/3454\/revisions\/3506"}],"wp:featuredmedia":[{"embeddable":true,"href":"https:\/\/elfogoncal.com.uy\/web\/index.php?rest_route=\/wp\/v2\/media\/1244"}],"wp:attachment":[{"href":"https:\/\/elfogoncal.com.uy\/web\/index.php?rest_route=%2Fwp%2Fv2%2Fmedia&parent=3454"}],"wp:term":[{"taxonomy":"category","embeddable":true,"href":"https:\/\/elfogoncal.com.uy\/web\/index.php?rest_route=%2Fwp%2Fv2%2Fcategories&post=3454"},{"taxonomy":"post_tag","embeddable":true,"href":"https:\/\/elfogoncal.com.uy\/web\/index.php?rest_route=%2Fwp%2Fv2%2Ftags&post=3454"}],"curies":[{"name":"wp","href":"https:\/\/api.w.org\/{rel}","templated":true}]}}