{"id":3436,"date":"2023-05-31T18:20:09","date_gmt":"2023-05-31T18:20:09","guid":{"rendered":"https:\/\/elfogoncal.com.uy\/web\/?p=3436"},"modified":"2023-05-31T18:48:03","modified_gmt":"2023-05-31T18:48:03","slug":"cooperando-para-reciclar","status":"publish","type":"post","link":"https:\/\/elfogoncal.com.uy\/web\/?p=3436","title":{"rendered":"COOPERANDO PARA RECICLAR"},"content":{"rendered":"\n<p>En el marco de la iniciativa \u201cUniendo Voces\u201d, este jueves 25 de Mayo de 2023 a la ma\u00f1ana recibimos a estudiantes de la Escuela N\u00b0 74 para dar comienzo a las visitas pedag\u00f3gicas de este a\u00f1o.<\/p>\n\n\n\n<p class=\"has-text-align-center\"><strong>ANTECEDENTES<\/strong><\/p>\n\n\n\n<p>La escuela N\u00b0 74 impuls\u00f3 una campa\u00f1a de recolecci\u00f3n de residuos pl\u00e1sticos de la comunidad (principalmente botellas), recibiendo el primer envase para la recepci\u00f3n de los mismos en su instituci\u00f3n, Cooperativa el Fog\u00f3n junto al Municipio de Sarand\u00ed del Y\u00ed apoyamos en log\u00edstica, prensado y traslado de dichos residuos.<\/p>\n\n\n\n<p>En la actualidad dicha iniciativa se ha duplicado, encontrando envases para recolecci\u00f3n de residuos pl\u00e1sticos en diferentes puntos de la ciudad.<\/p>\n\n\n\n<p class=\"has-text-align-center\"><strong>CREACI\u00d3N DEL PROYECTO \u201cCOOPERANDO PARA RECICLAR\u201d POR COOPERATIVA EL FOG\u00d3N<\/strong><\/p>\n\n\n\n<p>Ante el apoyo brindado a la escuela, en el cual la Cooperativa se encarga del prensado, traslado de residuos pl\u00e1sticos y su posterior comercializaci\u00f3n, fue que se cre\u00f3 este proyecto.<\/p>\n\n\n\n<p>El objetivo del mismo es generar conciencia agropecuaria a trav\u00e9s del v\u00ednculo con la comunidad. Buscamos involucrar a todas las escuelas de la zona, para que mediante visitas pedag\u00f3gicas puedan conocer la Cooperativa, sus instalaciones, funcionamiento de la misma, que observen el proceso de reciclaje, c\u00f3mo se hace el prensado de los residuos pl\u00e1sticos y qu\u00e9 productos se obtienen a partir de estos.<\/p>\n\n\n\n<p>Buscamos a trav\u00e9s de esto poder llegar a gran parte de la comunidad, reflejar que es un trabajo en conjunto en el cual todos somos beneficiados y todos somos responsables.<\/p>\n\n\n\n<p class=\"has-text-align-center\"><strong>UNIENDO VOCES<\/strong><\/p>\n\n\n\n<p>\u201cUniendo voces\u201d es una iniciativa que se enmarca en un acuerdo entre Cooperativas Agrarias Federadas (CAF), Federaci\u00f3n que EL FOG\u00d3N integra, y el proyecto Conciencia Agropecuaria del Ministerio de Ganader\u00eda, Agricultura y Pesca (MGAP) y la Organizaci\u00f3n de las Naciones Unidas para la Alimentaci\u00f3n y la Agricultura (FAO).<\/p>\n\n\n\n<hr class=\"wp-block-separator aligncenter has-alpha-channel-opacity\"\/>\n\n\n\n<figure class=\"wp-block-gallery has-nested-images columns-default is-cropped wp-block-gallery-1 is-layout-flex wp-block-gallery-is-layout-flex\">\n<figure class=\"wp-block-image size-large\"><img loading=\"lazy\" decoding=\"async\" width=\"800\" height=\"591\" data-id=\"3448\" src=\"https:\/\/elfogoncal.com.uy\/web\/wp-content\/uploads\/2023\/05\/6-1.jpg\" alt=\"\" class=\"wp-image-3448\" srcset=\"https:\/\/elfogoncal.com.uy\/web\/wp-content\/uploads\/2023\/05\/6-1.jpg 800w, https:\/\/elfogoncal.com.uy\/web\/wp-content\/uploads\/2023\/05\/6-1-406x300.jpg 406w, https:\/\/elfogoncal.com.uy\/web\/wp-content\/uploads\/2023\/05\/6-1-768x567.jpg 768w\" sizes=\"auto, (max-width: 800px) 100vw, 800px\" \/><\/figure>\n\n\n\n<figure class=\"wp-block-image size-large\"><img loading=\"lazy\" decoding=\"async\" width=\"800\" height=\"800\" data-id=\"3447\" src=\"https:\/\/elfogoncal.com.uy\/web\/wp-content\/uploads\/2023\/05\/5.jpeg\" alt=\"\" class=\"wp-image-3447\" srcset=\"https:\/\/elfogoncal.com.uy\/web\/wp-content\/uploads\/2023\/05\/5.jpeg 800w, https:\/\/elfogoncal.com.uy\/web\/wp-content\/uploads\/2023\/05\/5-300x300.jpeg 300w, https:\/\/elfogoncal.com.uy\/web\/wp-content\/uploads\/2023\/05\/5-150x150.jpeg 150w, https:\/\/elfogoncal.com.uy\/web\/wp-content\/uploads\/2023\/05\/5-768x768.jpeg 768w\" sizes=\"auto, (max-width: 800px) 100vw, 800px\" \/><\/figure>\n\n\n\n<figure class=\"wp-block-image size-large\"><img loading=\"lazy\" decoding=\"async\" width=\"800\" height=\"800\" data-id=\"3446\" src=\"https:\/\/elfogoncal.com.uy\/web\/wp-content\/uploads\/2023\/05\/4.jpeg\" alt=\"\" class=\"wp-image-3446\" srcset=\"https:\/\/elfogoncal.com.uy\/web\/wp-content\/uploads\/2023\/05\/4.jpeg 800w, https:\/\/elfogoncal.com.uy\/web\/wp-content\/uploads\/2023\/05\/4-300x300.jpeg 300w, https:\/\/elfogoncal.com.uy\/web\/wp-content\/uploads\/2023\/05\/4-150x150.jpeg 150w, https:\/\/elfogoncal.com.uy\/web\/wp-content\/uploads\/2023\/05\/4-768x768.jpeg 768w\" sizes=\"auto, (max-width: 800px) 100vw, 800px\" \/><\/figure>\n\n\n\n<figure class=\"wp-block-image size-large\"><img loading=\"lazy\" decoding=\"async\" width=\"800\" height=\"800\" data-id=\"3445\" src=\"https:\/\/elfogoncal.com.uy\/web\/wp-content\/uploads\/2023\/05\/3.jpeg\" alt=\"\" class=\"wp-image-3445\" srcset=\"https:\/\/elfogoncal.com.uy\/web\/wp-content\/uploads\/2023\/05\/3.jpeg 800w, https:\/\/elfogoncal.com.uy\/web\/wp-content\/uploads\/2023\/05\/3-300x300.jpeg 300w, https:\/\/elfogoncal.com.uy\/web\/wp-content\/uploads\/2023\/05\/3-150x150.jpeg 150w, https:\/\/elfogoncal.com.uy\/web\/wp-content\/uploads\/2023\/05\/3-768x768.jpeg 768w\" sizes=\"auto, (max-width: 800px) 100vw, 800px\" \/><\/figure>\n\n\n\n<figure class=\"wp-block-image size-large\"><img loading=\"lazy\" decoding=\"async\" width=\"800\" height=\"800\" data-id=\"3444\" src=\"https:\/\/elfogoncal.com.uy\/web\/wp-content\/uploads\/2023\/05\/2.jpeg\" alt=\"\" class=\"wp-image-3444\" srcset=\"https:\/\/elfogoncal.com.uy\/web\/wp-content\/uploads\/2023\/05\/2.jpeg 800w, https:\/\/elfogoncal.com.uy\/web\/wp-content\/uploads\/2023\/05\/2-300x300.jpeg 300w, https:\/\/elfogoncal.com.uy\/web\/wp-content\/uploads\/2023\/05\/2-150x150.jpeg 150w, https:\/\/elfogoncal.com.uy\/web\/wp-content\/uploads\/2023\/05\/2-768x768.jpeg 768w\" sizes=\"auto, (max-width: 800px) 100vw, 800px\" \/><\/figure>\n\n\n\n<figure class=\"wp-block-image size-large\"><img loading=\"lazy\" decoding=\"async\" width=\"800\" height=\"800\" data-id=\"3443\" src=\"https:\/\/elfogoncal.com.uy\/web\/wp-content\/uploads\/2023\/05\/1.jpeg\" alt=\"\" class=\"wp-image-3443\" srcset=\"https:\/\/elfogoncal.com.uy\/web\/wp-content\/uploads\/2023\/05\/1.jpeg 800w, https:\/\/elfogoncal.com.uy\/web\/wp-content\/uploads\/2023\/05\/1-300x300.jpeg 300w, https:\/\/elfogoncal.com.uy\/web\/wp-content\/uploads\/2023\/05\/1-150x150.jpeg 150w, https:\/\/elfogoncal.com.uy\/web\/wp-content\/uploads\/2023\/05\/1-768x768.jpeg 768w\" sizes=\"auto, (max-width: 800px) 100vw, 800px\" \/><\/figure>\n<\/figure>\n\n\n\n<hr class=\"wp-block-separator has-alpha-channel-opacity\"\/>\n","protected":false},"excerpt":{"rendered":"<p>En el marco de la iniciativa \u201cUniendo Voces\u201d, este jueves 25 de Mayo de 2023 a la ma\u00f1ana recibimos a estudiantes de la Escuela N\u00b0 74 para dar comienzo a las visitas pedag\u00f3gicas de este a\u00f1o. ANTECEDENTES La escuela N\u00b0 74 impuls\u00f3 una campa\u00f1a de recolecci\u00f3n de residuos pl\u00e1sticos de la comunidad (principalmente botellas), recibiendo [&hellip;]<\/p>\n","protected":false},"author":1,"featured_media":3439,"comment_status":"closed","ping_status":"closed","sticky":false,"template":"","format":"standard","meta":{"footnotes":""},"categories":[2],"tags":[],"class_list":["post-3436","post","type-post","status-publish","format-standard","has-post-thumbnail","hentry","category-noticias"],"_links":{"self":[{"href":"https:\/\/elfogoncal.com.uy\/web\/index.php?rest_route=\/wp\/v2\/posts\/3436","targetHints":{"allow":["GET"]}}],"collection":[{"href":"https:\/\/elfogoncal.com.uy\/web\/index.php?rest_route=\/wp\/v2\/posts"}],"about":[{"href":"https:\/\/elfogoncal.com.uy\/web\/index.php?rest_route=\/wp\/v2\/types\/post"}],"author":[{"embeddable":true,"href":"https:\/\/elfogoncal.com.uy\/web\/index.php?rest_route=\/wp\/v2\/users\/1"}],"replies":[{"embeddable":true,"href":"https:\/\/elfogoncal.com.uy\/web\/index.php?rest_route=%2Fwp%2Fv2%2Fcomments&post=3436"}],"version-history":[{"count":5,"href":"https:\/\/elfogoncal.com.uy\/web\/index.php?rest_route=\/wp\/v2\/posts\/3436\/revisions"}],"predecessor-version":[{"id":3452,"href":"https:\/\/elfogoncal.com.uy\/web\/index.php?rest_route=\/wp\/v2\/posts\/3436\/revisions\/3452"}],"wp:featuredmedia":[{"embeddable":true,"href":"https:\/\/elfogoncal.com.uy\/web\/index.php?rest_route=\/wp\/v2\/media\/3439"}],"wp:attachment":[{"href":"https:\/\/elfogoncal.com.uy\/web\/index.php?rest_route=%2Fwp%2Fv2%2Fmedia&parent=3436"}],"wp:term":[{"taxonomy":"category","embeddable":true,"href":"https:\/\/elfogoncal.com.uy\/web\/index.php?rest_route=%2Fwp%2Fv2%2Fcategories&post=3436"},{"taxonomy":"post_tag","embeddable":true,"href":"https:\/\/elfogoncal.com.uy\/web\/index.php?rest_route=%2Fwp%2Fv2%2Ftags&post=3436"}],"curies":[{"name":"wp","href":"https:\/\/api.w.org\/{rel}","templated":true}]}}