{"id":3427,"date":"2022-12-05T22:02:50","date_gmt":"2022-12-05T22:02:50","guid":{"rendered":"https:\/\/elfogoncal.com.uy\/web\/?p=3427"},"modified":"2022-12-05T22:04:36","modified_gmt":"2022-12-05T22:04:36","slug":"comunicado-de-prensa","status":"publish","type":"post","link":"https:\/\/elfogoncal.com.uy\/web\/?p=3427","title":{"rendered":"COMUNICADO DE PRENSA"},"content":{"rendered":"<div class=\"wp-block-image\">\n<figure class=\"aligncenter size-full\"><img loading=\"lazy\" decoding=\"async\" width=\"200\" height=\"174\" src=\"https:\/\/elfogoncal.com.uy\/web\/wp-content\/uploads\/2021\/01\/cropped-cropped-logo-png.png\" alt=\"\" class=\"wp-image-2078\"\/><\/figure><\/div>\n\n\n<h2 class=\"has-text-align-center wp-block-heading\">ASAMBLEA GENERAL ORDINARIA 2022<\/h2>\n\n\n\n<p>El Consejo Directivo de El Fog\u00f3n Cooperativa Agraria Limitada invita a los Sres. SOCIOS a participar de la <strong>ASAMBLEA ANUAL GENERAL ORDINARIA<\/strong> a realizarse el viernes 16 de diciembre de 2022, en primera citaci\u00f3n a la hora 19.00 y en segunda citaci\u00f3n a la hora 20.00 en Luis Alberto de Herrera 145, Sal\u00f3n \u201cSue\u00f1os\u201d.<\/p>\n\n\n\n<p><strong>El Orden del d\u00eda ser\u00e1 el siguiente:<\/strong><\/p>\n\n\n\n<p>1) Lectura Acta Asamblea anterior<br>2) Informe de la Comisi\u00f3n Fiscal<br>3) Memoria Anual 2021-2022<br>4) Estados Contables 2021-2022<br>5) Proyecto de distribuci\u00f3n de excedentes o financiaci\u00f3n de p\u00e9rdidas<br>6) Elecci\u00f3n de autoridades del Consejo Directivo, Comisi\u00f3n Fiscal y Comisi\u00f3n Electoral con sus suplentes<br>7) Designaci\u00f3n de 2 socios para firmar el Acta de Asamblea<\/p>\n\n\n\n<p class=\"has-text-align-center\">Ing. Agr. Eduardo R. Fossati Pic\u00fan<br><strong>Presidente<\/strong><\/p>\n\n\n\n<p class=\"has-text-align-center\">Luis E. Tritten Osorio<br><strong>Secretario<\/strong><\/p>\n\n\n\n<p class=\"has-text-align-center\"><strong>COOPERATIVA EL FOG\u00d3N<\/strong><\/p>\n","protected":false},"excerpt":{"rendered":"<p>ASAMBLEA GENERAL ORDINARIA 2022 El Consejo Directivo de El Fog\u00f3n Cooperativa Agraria Limitada invita a los Sres. SOCIOS a participar de la ASAMBLEA ANUAL GENERAL ORDINARIA a realizarse el viernes 16 de diciembre de 2022, en primera citaci\u00f3n a la hora 19.00 y en segunda citaci\u00f3n a la hora 20.00 en Luis Alberto de Herrera [&hellip;]<\/p>\n","protected":false},"author":1,"featured_media":2078,"comment_status":"closed","ping_status":"closed","sticky":false,"template":"","format":"standard","meta":{"footnotes":""},"categories":[18],"tags":[],"class_list":["post-3427","post","type-post","status-publish","format-standard","has-post-thumbnail","hentry","category-destacados"],"_links":{"self":[{"href":"https:\/\/elfogoncal.com.uy\/web\/index.php?rest_route=\/wp\/v2\/posts\/3427","targetHints":{"allow":["GET"]}}],"collection":[{"href":"https:\/\/elfogoncal.com.uy\/web\/index.php?rest_route=\/wp\/v2\/posts"}],"about":[{"href":"https:\/\/elfogoncal.com.uy\/web\/index.php?rest_route=\/wp\/v2\/types\/post"}],"author":[{"embeddable":true,"href":"https:\/\/elfogoncal.com.uy\/web\/index.php?rest_route=\/wp\/v2\/users\/1"}],"replies":[{"embeddable":true,"href":"https:\/\/elfogoncal.com.uy\/web\/index.php?rest_route=%2Fwp%2Fv2%2Fcomments&post=3427"}],"version-history":[{"count":2,"href":"https:\/\/elfogoncal.com.uy\/web\/index.php?rest_route=\/wp\/v2\/posts\/3427\/revisions"}],"predecessor-version":[{"id":3429,"href":"https:\/\/elfogoncal.com.uy\/web\/index.php?rest_route=\/wp\/v2\/posts\/3427\/revisions\/3429"}],"wp:featuredmedia":[{"embeddable":true,"href":"https:\/\/elfogoncal.com.uy\/web\/index.php?rest_route=\/wp\/v2\/media\/2078"}],"wp:attachment":[{"href":"https:\/\/elfogoncal.com.uy\/web\/index.php?rest_route=%2Fwp%2Fv2%2Fmedia&parent=3427"}],"wp:term":[{"taxonomy":"category","embeddable":true,"href":"https:\/\/elfogoncal.com.uy\/web\/index.php?rest_route=%2Fwp%2Fv2%2Fcategories&post=3427"},{"taxonomy":"post_tag","embeddable":true,"href":"https:\/\/elfogoncal.com.uy\/web\/index.php?rest_route=%2Fwp%2Fv2%2Ftags&post=3427"}],"curies":[{"name":"wp","href":"https:\/\/api.w.org\/{rel}","templated":true}]}}