{"id":3418,"date":"2022-06-28T15:55:00","date_gmt":"2022-06-28T15:55:00","guid":{"rendered":"https:\/\/elfogoncal.com.uy\/web\/?p=3418"},"modified":"2022-06-28T16:01:23","modified_gmt":"2022-06-28T16:01:23","slug":"presentacion-del-proyecto-de-intervencion-territorial-para-la-mejora-de-la-sostenibilidad-de-la-ganaderia","status":"publish","type":"post","link":"https:\/\/elfogoncal.com.uy\/web\/?p=3418","title":{"rendered":"Presentaci\u00f3n del proyecto de Intervenci\u00f3n territorial para la mejora de la sostenibilidad de la ganader\u00eda"},"content":{"rendered":"\n<figure class=\"wp-block-image size-full\"><img loading=\"lazy\" decoding=\"async\" width=\"1000\" height=\"451\" src=\"https:\/\/elfogoncal.com.uy\/web\/wp-content\/uploads\/2022\/06\/1.jpg\" alt=\"\" class=\"wp-image-3420\" srcset=\"https:\/\/elfogoncal.com.uy\/web\/wp-content\/uploads\/2022\/06\/1.jpg 1000w, https:\/\/elfogoncal.com.uy\/web\/wp-content\/uploads\/2022\/06\/1-450x203.jpg 450w, https:\/\/elfogoncal.com.uy\/web\/wp-content\/uploads\/2022\/06\/1-768x346.jpg 768w\" sizes=\"auto, (max-width: 1000px) 100vw, 1000px\" \/><\/figure>\n\n\n\n<p>\u201cEl jueves 23 de Junio se llev\u00f3 a cabo en nuestra cooperativa la presentaci\u00f3n del proyecto de Intervenci\u00f3n territorial para la mejora de la sostenibilidad de la ganader\u00eda con un enfoque de coinnovaci\u00f3n, que se desarrollar\u00e1 entre El Fog\u00f3n C.A.L. y &nbsp;la Direcci\u00f3n General de Desarrollo Rural del M.G.A.P. con apoyo de Ganader\u00eda y Clima.<\/p>\n\n\n\n<p>Las inscripciones para participar de dicho proyecto siguen abiertas hasta el 03 de Julio de 2022, ingresando en el siguiente link se puede completar el <strong>formulario de inscripci\u00f3n:<\/strong><\/p>\n\n\n\n<p><a rel=\"noreferrer noopener\" href=\"https:\/\/docs.google.com\/forms\/d\/e\/1FAIpQLSeGZwXK5j06RQUQtfWVyVyI9eDfl4K-v_NZrxYKfSNZ8Zfy3w\/viewform?usp=sf_link\" target=\"_blank\">https:\/\/docs.google.com\/forms<\/a><\/p>\n\n\n\n<p><strong>Por m\u00e1s informaci\u00f3n sobre la presentaci\u00f3n del proyecto:<\/strong><\/p>\n\n\n\n<p><a href=\"https:\/\/www.gub.uy\/ministerio-ganaderia-agricultura-pesca\/comunicacion\/noticias\/nueva-oportunidad-para-ganaderos-sarandi-del-yi\" target=\"_blank\" rel=\"noreferrer noopener\">https:\/\/www.gub.uy\/ministerio-ganaderia-agricultura-pesca<\/a><\/p>\n\n\n\n<p><\/p>\n","protected":false},"excerpt":{"rendered":"<p>\u201cEl jueves 23 de Junio se llev\u00f3 a cabo en nuestra cooperativa la presentaci\u00f3n del proyecto de Intervenci\u00f3n territorial para la mejora de la sostenibilidad de la ganader\u00eda con un enfoque de coinnovaci\u00f3n, que se desarrollar\u00e1 entre El Fog\u00f3n C.A.L. y &nbsp;la Direcci\u00f3n General de Desarrollo Rural del M.G.A.P. con apoyo de Ganader\u00eda y Clima. [&hellip;]<\/p>\n","protected":false},"author":1,"featured_media":3420,"comment_status":"closed","ping_status":"closed","sticky":false,"template":"","format":"standard","meta":{"footnotes":""},"categories":[2],"tags":[],"class_list":["post-3418","post","type-post","status-publish","format-standard","has-post-thumbnail","hentry","category-noticias"],"_links":{"self":[{"href":"https:\/\/elfogoncal.com.uy\/web\/index.php?rest_route=\/wp\/v2\/posts\/3418","targetHints":{"allow":["GET"]}}],"collection":[{"href":"https:\/\/elfogoncal.com.uy\/web\/index.php?rest_route=\/wp\/v2\/posts"}],"about":[{"href":"https:\/\/elfogoncal.com.uy\/web\/index.php?rest_route=\/wp\/v2\/types\/post"}],"author":[{"embeddable":true,"href":"https:\/\/elfogoncal.com.uy\/web\/index.php?rest_route=\/wp\/v2\/users\/1"}],"replies":[{"embeddable":true,"href":"https:\/\/elfogoncal.com.uy\/web\/index.php?rest_route=%2Fwp%2Fv2%2Fcomments&post=3418"}],"version-history":[{"count":5,"href":"https:\/\/elfogoncal.com.uy\/web\/index.php?rest_route=\/wp\/v2\/posts\/3418\/revisions"}],"predecessor-version":[{"id":3425,"href":"https:\/\/elfogoncal.com.uy\/web\/index.php?rest_route=\/wp\/v2\/posts\/3418\/revisions\/3425"}],"wp:featuredmedia":[{"embeddable":true,"href":"https:\/\/elfogoncal.com.uy\/web\/index.php?rest_route=\/wp\/v2\/media\/3420"}],"wp:attachment":[{"href":"https:\/\/elfogoncal.com.uy\/web\/index.php?rest_route=%2Fwp%2Fv2%2Fmedia&parent=3418"}],"wp:term":[{"taxonomy":"category","embeddable":true,"href":"https:\/\/elfogoncal.com.uy\/web\/index.php?rest_route=%2Fwp%2Fv2%2Fcategories&post=3418"},{"taxonomy":"post_tag","embeddable":true,"href":"https:\/\/elfogoncal.com.uy\/web\/index.php?rest_route=%2Fwp%2Fv2%2Ftags&post=3418"}],"curies":[{"name":"wp","href":"https:\/\/api.w.org\/{rel}","templated":true}]}}