{"id":3346,"date":"2021-09-21T21:07:01","date_gmt":"2021-09-21T21:07:01","guid":{"rendered":"https:\/\/elfogoncal.com.uy\/web\/?p=3346"},"modified":"2021-09-21T21:08:49","modified_gmt":"2021-09-21T21:08:49","slug":"caminata-de-la-semana-del-corazon","status":"publish","type":"post","link":"https:\/\/elfogoncal.com.uy\/web\/?p=3346","title":{"rendered":"Caminata de la semana del coraz\u00f3n"},"content":{"rendered":"\n<h3 class=\"wp-block-heading\">En el marco de nuestro 60 aniversario y en conjunto con ASSE, los invitamos a participar de la caminata de la semana del coraz\u00f3n. La misma se realizar\u00e1 el d\u00eda 2 de Octubre de 2021 en la ciudad de Sarand\u00ed del Y\u00ed-Durazno.<\/h3>\n\n\n\n<div class=\"wp-block-image\"><figure class=\"aligncenter size-full\"><img loading=\"lazy\" decoding=\"async\" width=\"700\" height=\"991\" src=\"https:\/\/elfogoncal.com.uy\/web\/wp-content\/uploads\/2021\/09\/1.gif\" alt=\"\" class=\"wp-image-3347\"\/><\/figure><\/div>\n","protected":false},"excerpt":{"rendered":"<p>En el marco de nuestro 60 aniversario y en conjunto con ASSE, los invitamos a participar de la caminata de la semana del coraz\u00f3n. La misma se realizar\u00e1 el d\u00eda 2 de Octubre de 2021 en la ciudad de Sarand\u00ed del Y\u00ed-Durazno.<\/p>\n","protected":false},"author":1,"featured_media":3347,"comment_status":"closed","ping_status":"closed","sticky":false,"template":"","format":"standard","meta":{"footnotes":""},"categories":[2],"tags":[],"class_list":["post-3346","post","type-post","status-publish","format-standard","has-post-thumbnail","hentry","category-noticias"],"_links":{"self":[{"href":"https:\/\/elfogoncal.com.uy\/web\/index.php?rest_route=\/wp\/v2\/posts\/3346","targetHints":{"allow":["GET"]}}],"collection":[{"href":"https:\/\/elfogoncal.com.uy\/web\/index.php?rest_route=\/wp\/v2\/posts"}],"about":[{"href":"https:\/\/elfogoncal.com.uy\/web\/index.php?rest_route=\/wp\/v2\/types\/post"}],"author":[{"embeddable":true,"href":"https:\/\/elfogoncal.com.uy\/web\/index.php?rest_route=\/wp\/v2\/users\/1"}],"replies":[{"embeddable":true,"href":"https:\/\/elfogoncal.com.uy\/web\/index.php?rest_route=%2Fwp%2Fv2%2Fcomments&post=3346"}],"version-history":[{"count":2,"href":"https:\/\/elfogoncal.com.uy\/web\/index.php?rest_route=\/wp\/v2\/posts\/3346\/revisions"}],"predecessor-version":[{"id":3349,"href":"https:\/\/elfogoncal.com.uy\/web\/index.php?rest_route=\/wp\/v2\/posts\/3346\/revisions\/3349"}],"wp:featuredmedia":[{"embeddable":true,"href":"https:\/\/elfogoncal.com.uy\/web\/index.php?rest_route=\/wp\/v2\/media\/3347"}],"wp:attachment":[{"href":"https:\/\/elfogoncal.com.uy\/web\/index.php?rest_route=%2Fwp%2Fv2%2Fmedia&parent=3346"}],"wp:term":[{"taxonomy":"category","embeddable":true,"href":"https:\/\/elfogoncal.com.uy\/web\/index.php?rest_route=%2Fwp%2Fv2%2Fcategories&post=3346"},{"taxonomy":"post_tag","embeddable":true,"href":"https:\/\/elfogoncal.com.uy\/web\/index.php?rest_route=%2Fwp%2Fv2%2Ftags&post=3346"}],"curies":[{"name":"wp","href":"https:\/\/api.w.org\/{rel}","templated":true}]}}