{"id":3248,"date":"2021-05-13T12:30:39","date_gmt":"2021-05-13T12:30:39","guid":{"rendered":"https:\/\/elfogoncal.com.uy\/web\/?p=3248"},"modified":"2021-05-13T13:29:40","modified_gmt":"2021-05-13T13:29:40","slug":"idoneo-en-manejo-post-cosecha-de-granos-2021","status":"publish","type":"post","link":"https:\/\/elfogoncal.com.uy\/web\/?p=3248","title":{"rendered":"Id\u00f3neo en manejo post cosecha de granos 2021"},"content":{"rendered":"\n<p>Comienza el curso <strong>Id\u00f3neo en<\/strong> <strong>manejo post cosecha de granos 2021, <\/strong>que esorganizado por Cooperativas Agrarias Federadas y Direcci\u00f3n General de Servicios Agr\u00edcolas (MGAP). Este curso est\u00e1 compuesto por cuatro m\u00f3dulos: Introducci\u00f3n; T\u00e9cnicas de Laboratorio; Manejo de Granos en Plantas de Acopio; y Control y Manejo de Plagas.<\/p>\n\n\n\n<p>El M\u00f3dulo I del curso, \u201cIntroducci\u00f3n\u201d, se realizar\u00e1 <strong>DE FORMA VIRTUAL<\/strong> los jueves y viernes 10, 11, 17 y 18 de junio, de 9 a 17.30 horas. Los siguientes m\u00f3dulos se realizar\u00e1n entre julio y octubre, en formato semipresencial (las instancias presenciales se confirmar\u00e1n seg\u00fan la situaci\u00f3n sanitaria nacional).<\/p>\n\n\n\n<p><strong><a href=\"http:\/\/www.caf.org.uy\/site\/?p=6662\" target=\"_blank\" rel=\"noreferrer noopener\">PUEDEN ACCEDER A M\u00c1S INFORMACI\u00d3N AQU\u00cd<\/a><\/strong><\/p>\n\n\n\n<p><strong>\u00a1Sorteamos dos becas!<\/strong><\/p>\n\n\n\n<p>Desde CAF otorgaremos <strong>dos becas <\/strong>a<strong> t\u00e9cnicos vinculados a nuestras cooperativas <\/strong>que quieran realizar el curso completo (incluye los cuatro m\u00f3dulos). Los interesados deber\u00e1n completar el formulario adjunto y enviarlo a <a href=\"mailto:secretaria@caf.org.uy\" target=\"_blank\" rel=\"noreferrer noopener\">secretaria@caf.org.uy<\/a> antes del <strong><u>jueves 20 de mayo<\/u><\/strong>.<\/p>\n\n\n\n<p>Estamos a las \u00f3rdenes por cualquier consulta.<\/p>\n\n\n\n<hr class=\"wp-block-separator\"\/>\n\n\n\n<h4 class=\"has-text-align-center wp-block-heading\"><strong>Descargar <\/strong><br><a href=\"https:\/\/elfogoncal.com.uy\/web\/wp-content\/uploads\/2021\/05\/Ficha-de-postulacion-Idoneo-en-manejo-post-cosecha-de-granos-2021.docx\" target=\"_blank\" rel=\"noreferrer noopener\">Ficha de postulacion Idoneo en manejo post cosecha de granos 2021<\/a><\/h4>\n\n\n\n<hr class=\"wp-block-separator\"\/>\n\n\n\n<div class=\"wp-block-image\"><figure class=\"alignleft size-full\"><img loading=\"lazy\" decoding=\"async\" width=\"1200\" height=\"628\" src=\"https:\/\/elfogoncal.com.uy\/web\/wp-content\/uploads\/2021\/05\/Idoneo-en-manejo-de-granos-4-modulos-banner-2021.png\" alt=\"\" class=\"wp-image-3269\" srcset=\"https:\/\/elfogoncal.com.uy\/web\/wp-content\/uploads\/2021\/05\/Idoneo-en-manejo-de-granos-4-modulos-banner-2021.png 1200w, https:\/\/elfogoncal.com.uy\/web\/wp-content\/uploads\/2021\/05\/Idoneo-en-manejo-de-granos-4-modulos-banner-2021-450x236.png 450w, https:\/\/elfogoncal.com.uy\/web\/wp-content\/uploads\/2021\/05\/Idoneo-en-manejo-de-granos-4-modulos-banner-2021-1024x536.png 1024w, https:\/\/elfogoncal.com.uy\/web\/wp-content\/uploads\/2021\/05\/Idoneo-en-manejo-de-granos-4-modulos-banner-2021-768x402.png 768w\" sizes=\"auto, (max-width: 1200px) 100vw, 1200px\" \/><\/figure><\/div>\n","protected":false},"excerpt":{"rendered":"<p>Comienza el curso Id\u00f3neo en manejo post cosecha de granos 2021, que esorganizado por Cooperativas Agrarias Federadas y Direcci\u00f3n General de Servicios Agr\u00edcolas (MGAP). Este curso est\u00e1 compuesto por cuatro m\u00f3dulos: Introducci\u00f3n; T\u00e9cnicas de Laboratorio; Manejo de Granos en Plantas de Acopio; y Control y Manejo de Plagas. El M\u00f3dulo I del curso, \u201cIntroducci\u00f3n\u201d, se [&hellip;]<\/p>\n","protected":false},"author":1,"featured_media":3269,"comment_status":"closed","ping_status":"closed","sticky":false,"template":"","format":"standard","meta":{"footnotes":""},"categories":[2],"tags":[],"class_list":["post-3248","post","type-post","status-publish","format-standard","has-post-thumbnail","hentry","category-noticias"],"_links":{"self":[{"href":"https:\/\/elfogoncal.com.uy\/web\/index.php?rest_route=\/wp\/v2\/posts\/3248","targetHints":{"allow":["GET"]}}],"collection":[{"href":"https:\/\/elfogoncal.com.uy\/web\/index.php?rest_route=\/wp\/v2\/posts"}],"about":[{"href":"https:\/\/elfogoncal.com.uy\/web\/index.php?rest_route=\/wp\/v2\/types\/post"}],"author":[{"embeddable":true,"href":"https:\/\/elfogoncal.com.uy\/web\/index.php?rest_route=\/wp\/v2\/users\/1"}],"replies":[{"embeddable":true,"href":"https:\/\/elfogoncal.com.uy\/web\/index.php?rest_route=%2Fwp%2Fv2%2Fcomments&post=3248"}],"version-history":[{"count":19,"href":"https:\/\/elfogoncal.com.uy\/web\/index.php?rest_route=\/wp\/v2\/posts\/3248\/revisions"}],"predecessor-version":[{"id":3280,"href":"https:\/\/elfogoncal.com.uy\/web\/index.php?rest_route=\/wp\/v2\/posts\/3248\/revisions\/3280"}],"wp:featuredmedia":[{"embeddable":true,"href":"https:\/\/elfogoncal.com.uy\/web\/index.php?rest_route=\/wp\/v2\/media\/3269"}],"wp:attachment":[{"href":"https:\/\/elfogoncal.com.uy\/web\/index.php?rest_route=%2Fwp%2Fv2%2Fmedia&parent=3248"}],"wp:term":[{"taxonomy":"category","embeddable":true,"href":"https:\/\/elfogoncal.com.uy\/web\/index.php?rest_route=%2Fwp%2Fv2%2Fcategories&post=3248"},{"taxonomy":"post_tag","embeddable":true,"href":"https:\/\/elfogoncal.com.uy\/web\/index.php?rest_route=%2Fwp%2Fv2%2Ftags&post=3248"}],"curies":[{"name":"wp","href":"https:\/\/api.w.org\/{rel}","templated":true}]}}