{"id":311,"date":"2014-09-22T18:06:40","date_gmt":"2014-09-22T18:06:40","guid":{"rendered":"https:\/\/elfogoncal.com.uy\/web\/?p=311"},"modified":"2014-09-22T18:07:07","modified_gmt":"2014-09-22T18:07:07","slug":"lanzamiento-de-la-fiesta-del-cordero-pesado-2014","status":"publish","type":"post","link":"https:\/\/elfogoncal.com.uy\/web\/?p=311","title":{"rendered":"Lanzamiento de la fiesta del cordero pesado 2014"},"content":{"rendered":"<p><img loading=\"lazy\" decoding=\"async\" class=\"alignleft wp-image-312 \" src=\"https:\/\/elfogoncal.com.uy\/web\/wp-content\/uploads\/2014\/09\/221-405x300.jpg\" alt=\"22\" width=\"437\" height=\"324\" srcset=\"https:\/\/elfogoncal.com.uy\/web\/wp-content\/uploads\/2014\/09\/221-405x300.jpg 405w, https:\/\/elfogoncal.com.uy\/web\/wp-content\/uploads\/2014\/09\/221.jpg 602w\" sizes=\"auto, (max-width: 437px) 100vw, 437px\" \/>El lunes 8 de septiembre del 2014 en el marco de la la Expo prado 2014 se realizo el Lanzamiento de la 15\u00ba Fiesta del Cordero Pesado.<\/p>\n<p>El mismo se realiz\u00f3 en la sala de conferencias de la exposici\u00f3n contando con gran marco de p\u00fablico entre productores, periodistas y con la presencia de las autoridades y organizadores de la fiesta.<\/p>\n<p>En la charla disertaron el Ing. Agr. Alberto Folle Ungo presidente de nuestra cooperativa, el Ing. Agr. Rodrigo Santos por el frigor\u00edfico San Jacineto (Nirea SA), el Lic. Martin Martinicorena presidente del SUL y el alcalde de Sarand\u00ed del Yi Mario Pereira.<\/p>\n<p>Los disertantes remarcaron la importancia de la producci\u00f3n de cordero pesado para la zona de sarand\u00ed del yi y sus alrededores e informaron que la fiesta del Cordero Pesado se realizar\u00e1 el 15 y 16 de noviembre pr\u00f3ximo, destacando que esta es la 15\u00ba fiesta para la que ya se est\u00e1n preparando diferentes eventos y espect\u00e1culos, como el concurso de asadores y corderos, los stands informativos, los espect\u00e1culos musicales, el parque tecnol\u00f3gico ovino, la feria artesanal, competencia de destrezas rurales y competencia de esquila, restaurantes y degustaciones a base de cordero y otras varias actividades para que esta sea una fiesta para toda la familia.<\/p>\n<p>Luego de la chara se realiz\u00f3 una degustaci\u00f3n de platos a base de cordero realizada por el chef Salvo propietario del restaurante El Portal de Trinidad, Flores. Los platos se realizaron en base a colita de cuadril ovina gentileza del frigor\u00edfico San Jacinto y se acompa\u00f1aron con los ya conocidos vinos finos Gobelet.<\/p>\n","protected":false},"excerpt":{"rendered":"<p>El lunes 8 de septiembre del 2014 en el marco de la la Expo prado 2014 se realizo el Lanzamiento de la 15\u00ba Fiesta del Cordero Pesado. El mismo se realiz\u00f3 en la sala de conferencias de la exposici\u00f3n contando con gran marco de p\u00fablico entre productores, periodistas y con la presencia de las autoridades [&hellip;]<\/p>\n","protected":false},"author":1,"featured_media":0,"comment_status":"open","ping_status":"open","sticky":false,"template":"","format":"standard","meta":{"footnotes":""},"categories":[2],"tags":[],"class_list":["post-311","post","type-post","status-publish","format-standard","hentry","category-noticias"],"_links":{"self":[{"href":"https:\/\/elfogoncal.com.uy\/web\/index.php?rest_route=\/wp\/v2\/posts\/311","targetHints":{"allow":["GET"]}}],"collection":[{"href":"https:\/\/elfogoncal.com.uy\/web\/index.php?rest_route=\/wp\/v2\/posts"}],"about":[{"href":"https:\/\/elfogoncal.com.uy\/web\/index.php?rest_route=\/wp\/v2\/types\/post"}],"author":[{"embeddable":true,"href":"https:\/\/elfogoncal.com.uy\/web\/index.php?rest_route=\/wp\/v2\/users\/1"}],"replies":[{"embeddable":true,"href":"https:\/\/elfogoncal.com.uy\/web\/index.php?rest_route=%2Fwp%2Fv2%2Fcomments&post=311"}],"version-history":[{"count":2,"href":"https:\/\/elfogoncal.com.uy\/web\/index.php?rest_route=\/wp\/v2\/posts\/311\/revisions"}],"predecessor-version":[{"id":314,"href":"https:\/\/elfogoncal.com.uy\/web\/index.php?rest_route=\/wp\/v2\/posts\/311\/revisions\/314"}],"wp:attachment":[{"href":"https:\/\/elfogoncal.com.uy\/web\/index.php?rest_route=%2Fwp%2Fv2%2Fmedia&parent=311"}],"wp:term":[{"taxonomy":"category","embeddable":true,"href":"https:\/\/elfogoncal.com.uy\/web\/index.php?rest_route=%2Fwp%2Fv2%2Fcategories&post=311"},{"taxonomy":"post_tag","embeddable":true,"href":"https:\/\/elfogoncal.com.uy\/web\/index.php?rest_route=%2Fwp%2Fv2%2Ftags&post=311"}],"curies":[{"name":"wp","href":"https:\/\/api.w.org\/{rel}","templated":true}]}}