{"id":230,"date":"2014-09-05T19:04:07","date_gmt":"2014-09-05T19:04:07","guid":{"rendered":"https:\/\/elfogoncal.com.uy\/web\/?p=230"},"modified":"2014-09-05T19:28:17","modified_gmt":"2014-09-05T19:28:17","slug":"cursos-adiestradores-de-perros-edicion-2014-en-sarandi-del-yi","status":"publish","type":"post","link":"https:\/\/elfogoncal.com.uy\/web\/?p=230","title":{"rendered":"Final cursos de Adiestradores de perros de trabajo"},"content":{"rendered":"<h3><strong>Cursos Adiestradores de perros edici\u00f3n 2014 en Sarand\u00ed del Yi<\/strong><\/h3>\n<p>El pasado 9 de Agosto se dio la finalizaci\u00f3n de los dos cursos de Adiestradores de perros de trabajo dictados por el SUL en colaboraci\u00f3n con Inefop, Cooperativa El Fog\u00f3n, Sociedad Fomento Sarand\u00ed del Yi y la Instituci\u00f3n Benigno Paiva Irisarri de padres Salesiandos. Los mismos surgieron a ra\u00edz de una convocatoria que se realiz\u00f3 en el marco de la 14va fiesta del cordero pesado.<\/p>\n<p>Se ven\u00edan realizando desde el mes de mayo los d\u00edas viernes y s\u00e1bado con un total de 33 alumnos entre los dos. Finalizaron en forma conjunta con un clima de integraci\u00f3n tanto por parte de los integrantes del curso como de aquellos familiares, directivos de las instituciones colaboradoras y p\u00fablico en general que se acerc\u00f3 al \u201cPaiva\u201d para observar el logro obtenido con los perros que concurrieron al curso.<\/p>\n<p>Luego de realizar la evaluaci\u00f3n escrita para aprobar el curso se pas\u00f3 a almorzar en conjunto unos exquisitos corderos donados para la ocasi\u00f3n, acompa\u00f1ados por variadas pizzas y tortas caseras que tambi\u00e9n cocinaron muchos de los participantes. Se realiz\u00f3 la entrega de diplomas y por \u00faltimo se hicieron demostraciones destacadas de los concursantes con sus perros.<\/p>\n<p>La capacitaci\u00f3n en las tareas con los ovinos del capital humano es de especial relevancia para el Secretariado Uruguayo de la Lana. Y en particular la utilizaci\u00f3n de perros de trabajo como los son las razas Border Collie y Kelpie. Los mismos adiestrados se consideran una herramienta muy importante para simplificar el trabajo con los ovinos. Es por eso que es muy satisfactorio para nosotros saber que a partir de este a\u00f1o tenderemos en la zona 32 nuevos adiestradores de perros y un banco gen\u00e9tico muy grande de nuevos perros de estas razas puras, adaptadas exclusivamente para esta tarea. Para la c\u00faal en un futuro podremos hacernos de buenos perros de raza para adiestrar. Y porque no ser el punta pie inicial para seguir por la misma senda a\u00f1o a a\u00f1o con estos cursos en la zona.<\/p>\n<p>Sin dudas esto no ser\u00eda posible sin la colaboraci\u00f3n de las instituciones de la zona que nos apoyaron para poder atender la gran demanda de participantes que tuvimos inicialmente. Es por eso que queremos agradecer a todos aquellos que nos ayudaron a que esto sea posible. En especial es importante para nosotros reconocer el gran apoyo que obtuvimos por todo el equipo de trabajo del \u201cPaiva\u201d quienes en todo momento nos apoyaron con el esp\u00edritu Salesiano que los caracteriza abri\u00e9ndonos las puertas de su casa.<\/p>\n<p><span style=\"color: #008000;\"><strong>Ing. Agr. Marcos Garc\u00eda Pintos<\/strong><\/span><br \/>\nArea de Transferencia de Tecnolog\u00eda<br \/>\nSecretariado Uruguayo de la Lana<\/p>\n<p><img loading=\"lazy\" decoding=\"async\" class=\"alignleft wp-image-231 size-full\" src=\"https:\/\/elfogoncal.com.uy\/web\/wp-content\/uploads\/2014\/09\/1.jpg\" alt=\"1\" width=\"70\" height=\"60\" \/><\/p>\n<p>&nbsp;<\/p>\n<p>&nbsp;<\/p>\n<p>&nbsp;<\/p>\n<p>&nbsp;<\/p>\n\n\t\t<style type=\"text\/css\">\n\t\t\t#gallery-1 {\n\t\t\t\tmargin: auto;\n\t\t\t}\n\t\t\t#gallery-1 .gallery-item {\n\t\t\t\tfloat: left;\n\t\t\t\tmargin-top: 10px;\n\t\t\t\ttext-align: center;\n\t\t\t\twidth: 33%;\n\t\t\t}\n\t\t\t#gallery-1 img {\n\t\t\t\tborder: 2px solid #cfcfcf;\n\t\t\t}\n\t\t\t#gallery-1 .gallery-caption {\n\t\t\t\tmargin-left: 0;\n\t\t\t}\n\t\t\t\/* see gallery_shortcode() in wp-includes\/media.php *\/\n\t\t<\/style>\n\t\t<div id='gallery-1' class='gallery galleryid-230 gallery-columns-3 gallery-size-thumbnail'><dl class='gallery-item'>\n\t\t\t<dt class='gallery-icon landscape'>\n\t\t\t\t<a href='https:\/\/elfogoncal.com.uy\/web\/wp-content\/uploads\/2014\/09\/2.jpg'><img loading=\"lazy\" decoding=\"async\" width=\"150\" height=\"150\" src=\"https:\/\/elfogoncal.com.uy\/web\/wp-content\/uploads\/2014\/09\/2-150x150.jpg\" class=\"attachment-thumbnail size-thumbnail\" alt=\"\" \/><\/a>\n\t\t\t<\/dt><\/dl><dl class='gallery-item'>\n\t\t\t<dt class='gallery-icon landscape'>\n\t\t\t\t<a href='https:\/\/elfogoncal.com.uy\/web\/wp-content\/uploads\/2014\/09\/3.jpg'><img loading=\"lazy\" decoding=\"async\" width=\"150\" height=\"150\" src=\"https:\/\/elfogoncal.com.uy\/web\/wp-content\/uploads\/2014\/09\/3-150x150.jpg\" class=\"attachment-thumbnail size-thumbnail\" alt=\"\" \/><\/a>\n\t\t\t<\/dt><\/dl><dl class='gallery-item'>\n\t\t\t<dt class='gallery-icon landscape'>\n\t\t\t\t<a href='https:\/\/elfogoncal.com.uy\/web\/wp-content\/uploads\/2014\/09\/4.jpg'><img loading=\"lazy\" decoding=\"async\" width=\"150\" height=\"150\" src=\"https:\/\/elfogoncal.com.uy\/web\/wp-content\/uploads\/2014\/09\/4-150x150.jpg\" class=\"attachment-thumbnail size-thumbnail\" alt=\"\" \/><\/a>\n\t\t\t<\/dt><\/dl><br style=\"clear: both\" \/><dl class='gallery-item'>\n\t\t\t<dt class='gallery-icon landscape'>\n\t\t\t\t<a href='https:\/\/elfogoncal.com.uy\/web\/wp-content\/uploads\/2014\/09\/5.jpg'><img loading=\"lazy\" decoding=\"async\" width=\"150\" height=\"150\" src=\"https:\/\/elfogoncal.com.uy\/web\/wp-content\/uploads\/2014\/09\/5-150x150.jpg\" class=\"attachment-thumbnail size-thumbnail\" alt=\"\" \/><\/a>\n\t\t\t<\/dt><\/dl><dl class='gallery-item'>\n\t\t\t<dt class='gallery-icon landscape'>\n\t\t\t\t<a href='https:\/\/elfogoncal.com.uy\/web\/wp-content\/uploads\/2014\/09\/6.jpg'><img loading=\"lazy\" decoding=\"async\" width=\"150\" height=\"150\" src=\"https:\/\/elfogoncal.com.uy\/web\/wp-content\/uploads\/2014\/09\/6-150x150.jpg\" class=\"attachment-thumbnail size-thumbnail\" alt=\"\" \/><\/a>\n\t\t\t<\/dt><\/dl><dl class='gallery-item'>\n\t\t\t<dt class='gallery-icon landscape'>\n\t\t\t\t<a href='https:\/\/elfogoncal.com.uy\/web\/wp-content\/uploads\/2014\/09\/7.jpg'><img loading=\"lazy\" decoding=\"async\" width=\"150\" height=\"150\" src=\"https:\/\/elfogoncal.com.uy\/web\/wp-content\/uploads\/2014\/09\/7-150x150.jpg\" class=\"attachment-thumbnail size-thumbnail\" alt=\"\" \/><\/a>\n\t\t\t<\/dt><\/dl><br style=\"clear: both\" \/>\n\t\t<\/div>\n\n<p>&nbsp;<\/p>\n","protected":false},"excerpt":{"rendered":"<p>Cursos Adiestradores de perros edici\u00f3n 2014 en Sarand\u00ed del Yi El pasado 9 de Agosto se dio la finalizaci\u00f3n de los dos cursos de Adiestradores de perros de trabajo dictados por el SUL en colaboraci\u00f3n con Inefop, Cooperativa El Fog\u00f3n, Sociedad Fomento Sarand\u00ed del Yi y la Instituci\u00f3n Benigno Paiva Irisarri de padres Salesiandos. Los [&hellip;]<\/p>\n","protected":false},"author":1,"featured_media":0,"comment_status":"open","ping_status":"open","sticky":false,"template":"","format":"standard","meta":{"footnotes":""},"categories":[2],"tags":[],"class_list":["post-230","post","type-post","status-publish","format-standard","hentry","category-noticias"],"_links":{"self":[{"href":"https:\/\/elfogoncal.com.uy\/web\/index.php?rest_route=\/wp\/v2\/posts\/230","targetHints":{"allow":["GET"]}}],"collection":[{"href":"https:\/\/elfogoncal.com.uy\/web\/index.php?rest_route=\/wp\/v2\/posts"}],"about":[{"href":"https:\/\/elfogoncal.com.uy\/web\/index.php?rest_route=\/wp\/v2\/types\/post"}],"author":[{"embeddable":true,"href":"https:\/\/elfogoncal.com.uy\/web\/index.php?rest_route=\/wp\/v2\/users\/1"}],"replies":[{"embeddable":true,"href":"https:\/\/elfogoncal.com.uy\/web\/index.php?rest_route=%2Fwp%2Fv2%2Fcomments&post=230"}],"version-history":[{"count":7,"href":"https:\/\/elfogoncal.com.uy\/web\/index.php?rest_route=\/wp\/v2\/posts\/230\/revisions"}],"predecessor-version":[{"id":253,"href":"https:\/\/elfogoncal.com.uy\/web\/index.php?rest_route=\/wp\/v2\/posts\/230\/revisions\/253"}],"wp:attachment":[{"href":"https:\/\/elfogoncal.com.uy\/web\/index.php?rest_route=%2Fwp%2Fv2%2Fmedia&parent=230"}],"wp:term":[{"taxonomy":"category","embeddable":true,"href":"https:\/\/elfogoncal.com.uy\/web\/index.php?rest_route=%2Fwp%2Fv2%2Fcategories&post=230"},{"taxonomy":"post_tag","embeddable":true,"href":"https:\/\/elfogoncal.com.uy\/web\/index.php?rest_route=%2Fwp%2Fv2%2Ftags&post=230"}],"curies":[{"name":"wp","href":"https:\/\/api.w.org\/{rel}","templated":true}]}}