{"id":1090,"date":"2020-07-10T11:59:25","date_gmt":"2020-07-10T11:59:25","guid":{"rendered":"https:\/\/elfogoncal.com.uy\/web\/?p=1090"},"modified":"2021-01-28T22:06:31","modified_gmt":"2021-01-28T22:06:31","slug":"en-celebracion-del-dia-internacional-de-las-cooperativas-2020","status":"publish","type":"post","link":"https:\/\/elfogoncal.com.uy\/web\/?p=1090","title":{"rendered":"En celebraci\u00f3n del D\u00eda Internacional de las Cooperativas 2020"},"content":{"rendered":"\n<p>En celebraci\u00f3n del D\u00eda Internacional de las Cooperativas 2020, desde CEFIC (Comisi\u00f3n de Educaci\u00f3n Fomento e Integraci\u00f3n Cooperativa) de Cooperativa \u201cEl Fog\u00f3n\u201d de Sarand\u00ed del Y\u00ed, se invit\u00f3 a participar a los ni\u00f1os de las escuelas de la localidad, con dibujos alusivos al Cooperativismo.<\/p>\n\n\n\n<p>Estos dibujos fueron entregados en las cooperativas zonales que cada instituci\u00f3n educativa eligi\u00f3 (cooperativa de viviendas, agrarias, etc.).<\/p>\n\n\n\n<p>Los alumnos de Escuela 5, Dr. El\u00edas Regules entregaron sus trabajos en la Cooperativa Agraria \u201cEl Fog\u00f3n\u201d; y con estos luce muy bella la vidriera de dicha Cooperativa.<\/p>\n\n\n\n<p>CEFIC agradece la participaci\u00f3n de todos porque colaborar no es simplemente unir, sino hacer cosas juntos y llegar a un punto en com\u00fan.<\/p>\n\n\n\n<hr class=\"wp-block-separator\"\/>\n\n\n\n<figure class=\"wp-block-gallery columns-3 is-cropped wp-block-gallery-1 is-layout-flex wp-block-gallery-is-layout-flex\"><ul class=\"blocks-gallery-grid\"><li class=\"blocks-gallery-item\"><figure><img loading=\"lazy\" decoding=\"async\" width=\"800\" height=\"600\" src=\"https:\/\/elfogoncal.com.uy\/web\/wp-content\/uploads\/2020\/07\/WhatsApp-Image-2020-07-04-at-09.45.28.jpeg\" alt=\"\" data-id=\"1092\" data-full-url=\"https:\/\/elfogoncal.com.uy\/web\/wp-content\/uploads\/2020\/07\/WhatsApp-Image-2020-07-04-at-09.45.28.jpeg\" data-link=\"https:\/\/elfogoncal.com.uy\/web\/?attachment_id=1092\" class=\"wp-image-1092\" srcset=\"https:\/\/elfogoncal.com.uy\/web\/wp-content\/uploads\/2020\/07\/WhatsApp-Image-2020-07-04-at-09.45.28.jpeg 800w, https:\/\/elfogoncal.com.uy\/web\/wp-content\/uploads\/2020\/07\/WhatsApp-Image-2020-07-04-at-09.45.28-400x300.jpeg 400w, https:\/\/elfogoncal.com.uy\/web\/wp-content\/uploads\/2020\/07\/WhatsApp-Image-2020-07-04-at-09.45.28-768x576.jpeg 768w\" sizes=\"auto, (max-width: 800px) 100vw, 800px\" \/><\/figure><\/li><li class=\"blocks-gallery-item\"><figure><img loading=\"lazy\" decoding=\"async\" width=\"768\" height=\"1024\" src=\"https:\/\/elfogoncal.com.uy\/web\/wp-content\/uploads\/2020\/07\/WhatsApp-Image-2020-07-04-at-09.45.29-2-768x1024.jpeg\" alt=\"\" data-id=\"1093\" data-full-url=\"https:\/\/elfogoncal.com.uy\/web\/wp-content\/uploads\/2020\/07\/WhatsApp-Image-2020-07-04-at-09.45.29-2.jpeg\" data-link=\"https:\/\/elfogoncal.com.uy\/web\/?attachment_id=1093\" class=\"wp-image-1093\" srcset=\"https:\/\/elfogoncal.com.uy\/web\/wp-content\/uploads\/2020\/07\/WhatsApp-Image-2020-07-04-at-09.45.29-2-768x1024.jpeg 768w, https:\/\/elfogoncal.com.uy\/web\/wp-content\/uploads\/2020\/07\/WhatsApp-Image-2020-07-04-at-09.45.29-2-225x300.jpeg 225w, https:\/\/elfogoncal.com.uy\/web\/wp-content\/uploads\/2020\/07\/WhatsApp-Image-2020-07-04-at-09.45.29-2.jpeg 800w\" sizes=\"auto, (max-width: 768px) 100vw, 768px\" \/><\/figure><\/li><li class=\"blocks-gallery-item\"><figure><img loading=\"lazy\" decoding=\"async\" width=\"800\" height=\"600\" src=\"https:\/\/elfogoncal.com.uy\/web\/wp-content\/uploads\/2020\/07\/WhatsApp-Image-2020-07-04-at-09.45.29.jpeg\" alt=\"\" data-id=\"1094\" data-full-url=\"https:\/\/elfogoncal.com.uy\/web\/wp-content\/uploads\/2020\/07\/WhatsApp-Image-2020-07-04-at-09.45.29.jpeg\" data-link=\"https:\/\/elfogoncal.com.uy\/web\/?attachment_id=1094\" class=\"wp-image-1094\" srcset=\"https:\/\/elfogoncal.com.uy\/web\/wp-content\/uploads\/2020\/07\/WhatsApp-Image-2020-07-04-at-09.45.29.jpeg 800w, https:\/\/elfogoncal.com.uy\/web\/wp-content\/uploads\/2020\/07\/WhatsApp-Image-2020-07-04-at-09.45.29-400x300.jpeg 400w, https:\/\/elfogoncal.com.uy\/web\/wp-content\/uploads\/2020\/07\/WhatsApp-Image-2020-07-04-at-09.45.29-768x576.jpeg 768w\" sizes=\"auto, (max-width: 800px) 100vw, 800px\" \/><\/figure><\/li><li class=\"blocks-gallery-item\"><figure><img loading=\"lazy\" decoding=\"async\" width=\"800\" height=\"600\" src=\"https:\/\/elfogoncal.com.uy\/web\/wp-content\/uploads\/2020\/07\/WhatsApp-Image-2020-07-04-at-09.45.30-2.jpeg\" alt=\"\" data-id=\"1095\" data-full-url=\"https:\/\/elfogoncal.com.uy\/web\/wp-content\/uploads\/2020\/07\/WhatsApp-Image-2020-07-04-at-09.45.30-2.jpeg\" data-link=\"https:\/\/elfogoncal.com.uy\/web\/?attachment_id=1095\" class=\"wp-image-1095\" srcset=\"https:\/\/elfogoncal.com.uy\/web\/wp-content\/uploads\/2020\/07\/WhatsApp-Image-2020-07-04-at-09.45.30-2.jpeg 800w, https:\/\/elfogoncal.com.uy\/web\/wp-content\/uploads\/2020\/07\/WhatsApp-Image-2020-07-04-at-09.45.30-2-400x300.jpeg 400w, https:\/\/elfogoncal.com.uy\/web\/wp-content\/uploads\/2020\/07\/WhatsApp-Image-2020-07-04-at-09.45.30-2-768x576.jpeg 768w\" sizes=\"auto, (max-width: 800px) 100vw, 800px\" \/><\/figure><\/li><li class=\"blocks-gallery-item\"><figure><img loading=\"lazy\" decoding=\"async\" width=\"768\" height=\"1024\" src=\"https:\/\/elfogoncal.com.uy\/web\/wp-content\/uploads\/2020\/07\/WhatsApp-Image-2020-07-04-at-09.45.30-768x1024.jpeg\" alt=\"\" data-id=\"1096\" data-full-url=\"https:\/\/elfogoncal.com.uy\/web\/wp-content\/uploads\/2020\/07\/WhatsApp-Image-2020-07-04-at-09.45.30.jpeg\" data-link=\"https:\/\/elfogoncal.com.uy\/web\/?attachment_id=1096\" class=\"wp-image-1096\" srcset=\"https:\/\/elfogoncal.com.uy\/web\/wp-content\/uploads\/2020\/07\/WhatsApp-Image-2020-07-04-at-09.45.30-768x1024.jpeg 768w, https:\/\/elfogoncal.com.uy\/web\/wp-content\/uploads\/2020\/07\/WhatsApp-Image-2020-07-04-at-09.45.30-225x300.jpeg 225w, https:\/\/elfogoncal.com.uy\/web\/wp-content\/uploads\/2020\/07\/WhatsApp-Image-2020-07-04-at-09.45.30.jpeg 800w\" sizes=\"auto, (max-width: 768px) 100vw, 768px\" \/><\/figure><\/li><\/ul><\/figure>\n","protected":false},"excerpt":{"rendered":"<p>En celebraci\u00f3n del D\u00eda Internacional de las Cooperativas 2020, desde CEFIC (Comisi\u00f3n de Educaci\u00f3n Fomento e Integraci\u00f3n Cooperativa) de Cooperativa \u201cEl Fog\u00f3n\u201d de Sarand\u00ed del Y\u00ed, se invit\u00f3 a participar a los ni\u00f1os de las escuelas de la localidad, con dibujos alusivos al Cooperativismo. Estos dibujos fueron entregados en las cooperativas zonales que cada instituci\u00f3n [&hellip;]<\/p>\n","protected":false},"author":1,"featured_media":0,"comment_status":"closed","ping_status":"open","sticky":false,"template":"","format":"standard","meta":{"footnotes":""},"categories":[2],"tags":[],"class_list":["post-1090","post","type-post","status-publish","format-standard","hentry","category-noticias"],"_links":{"self":[{"href":"https:\/\/elfogoncal.com.uy\/web\/index.php?rest_route=\/wp\/v2\/posts\/1090","targetHints":{"allow":["GET"]}}],"collection":[{"href":"https:\/\/elfogoncal.com.uy\/web\/index.php?rest_route=\/wp\/v2\/posts"}],"about":[{"href":"https:\/\/elfogoncal.com.uy\/web\/index.php?rest_route=\/wp\/v2\/types\/post"}],"author":[{"embeddable":true,"href":"https:\/\/elfogoncal.com.uy\/web\/index.php?rest_route=\/wp\/v2\/users\/1"}],"replies":[{"embeddable":true,"href":"https:\/\/elfogoncal.com.uy\/web\/index.php?rest_route=%2Fwp%2Fv2%2Fcomments&post=1090"}],"version-history":[{"count":2,"href":"https:\/\/elfogoncal.com.uy\/web\/index.php?rest_route=\/wp\/v2\/posts\/1090\/revisions"}],"predecessor-version":[{"id":1097,"href":"https:\/\/elfogoncal.com.uy\/web\/index.php?rest_route=\/wp\/v2\/posts\/1090\/revisions\/1097"}],"wp:attachment":[{"href":"https:\/\/elfogoncal.com.uy\/web\/index.php?rest_route=%2Fwp%2Fv2%2Fmedia&parent=1090"}],"wp:term":[{"taxonomy":"category","embeddable":true,"href":"https:\/\/elfogoncal.com.uy\/web\/index.php?rest_route=%2Fwp%2Fv2%2Fcategories&post=1090"},{"taxonomy":"post_tag","embeddable":true,"href":"https:\/\/elfogoncal.com.uy\/web\/index.php?rest_route=%2Fwp%2Fv2%2Ftags&post=1090"}],"curies":[{"name":"wp","href":"https:\/\/api.w.org\/{rel}","templated":true}]}}