{"id":1002,"date":"2019-03-26T15:35:10","date_gmt":"2019-03-26T15:35:10","guid":{"rendered":"https:\/\/elfogoncal.com.uy\/web\/?p=1002"},"modified":"2021-01-28T22:06:31","modified_gmt":"2021-01-28T22:06:31","slug":"operativo-ovinos-2019-de-central-lanera-uruguaya","status":"publish","type":"post","link":"https:\/\/elfogoncal.com.uy\/web\/?p=1002","title":{"rendered":"Operativo Ovinos 2019 de Central Lanera Uruguaya"},"content":{"rendered":"\n<p>En el marco de un a\u00f1o con problemas de rentabilidad y margen en la mayor\u00eda de los rubros agropecuarios del pa\u00eds, el Operativo Ovinos de Central Lanera, se afianza como una <strong>excelente alternativa<\/strong>, ofreciendo <strong>UN NEGOCIO rentable, seguro y confiable.<\/strong><\/p>\n\n\n\n<hr class=\"wp-block-separator\"\/>\n\n\n\n<div class=\"wp-block-file aligncenter\"><a href=\"https:\/\/elfogoncal.com.uy\/web\/wp-content\/uploads\/2019\/03\/Comunicado-de-Prensa-Lanzamiento-Operativo-Ovinos-2019.pdf\" target=\"_blank\" rel=\"noreferrer noopener\"><strong>Descargar Comunicado de Prensa &#8211; Lanzamiento Operativo Ovinos 2019.pdf<\/strong><\/a><\/div>\n\n\n\n<hr class=\"wp-block-separator\"\/>\n\n\n\n<figure class=\"wp-block-image\"><img loading=\"lazy\" decoding=\"async\" width=\"579\" height=\"1024\" src=\"https:\/\/elfogoncal.com.uy\/web\/wp-content\/uploads\/2019\/03\/Ovinos-2019wp-01-579x1024.jpg\" alt=\"\" class=\"wp-image-1004\" srcset=\"https:\/\/elfogoncal.com.uy\/web\/wp-content\/uploads\/2019\/03\/Ovinos-2019wp-01-579x1024.jpg 579w, https:\/\/elfogoncal.com.uy\/web\/wp-content\/uploads\/2019\/03\/Ovinos-2019wp-01-170x300.jpg 170w, https:\/\/elfogoncal.com.uy\/web\/wp-content\/uploads\/2019\/03\/Ovinos-2019wp-01.jpg 650w\" sizes=\"auto, (max-width: 579px) 100vw, 579px\" \/><\/figure>\n\n\n\n<figure class=\"wp-block-image\"><img loading=\"lazy\" decoding=\"async\" width=\"579\" height=\"1024\" src=\"https:\/\/elfogoncal.com.uy\/web\/wp-content\/uploads\/2019\/03\/Ovinos-2019wp-02-579x1024.jpg\" alt=\"\" class=\"wp-image-1005\" srcset=\"https:\/\/elfogoncal.com.uy\/web\/wp-content\/uploads\/2019\/03\/Ovinos-2019wp-02-579x1024.jpg 579w, https:\/\/elfogoncal.com.uy\/web\/wp-content\/uploads\/2019\/03\/Ovinos-2019wp-02-170x300.jpg 170w, https:\/\/elfogoncal.com.uy\/web\/wp-content\/uploads\/2019\/03\/Ovinos-2019wp-02.jpg 650w\" sizes=\"auto, (max-width: 579px) 100vw, 579px\" \/><\/figure>\n","protected":false},"excerpt":{"rendered":"<p>En el marco de un a\u00f1o con problemas de rentabilidad y margen en la mayor\u00eda de los rubros agropecuarios del pa\u00eds, el Operativo Ovinos de Central Lanera, se afianza como una excelente alternativa, ofreciendo UN NEGOCIO rentable, seguro y confiable.<\/p>\n","protected":false},"author":1,"featured_media":0,"comment_status":"closed","ping_status":"open","sticky":false,"template":"","format":"standard","meta":{"footnotes":""},"categories":[2],"tags":[],"class_list":["post-1002","post","type-post","status-publish","format-standard","hentry","category-noticias"],"_links":{"self":[{"href":"https:\/\/elfogoncal.com.uy\/web\/index.php?rest_route=\/wp\/v2\/posts\/1002","targetHints":{"allow":["GET"]}}],"collection":[{"href":"https:\/\/elfogoncal.com.uy\/web\/index.php?rest_route=\/wp\/v2\/posts"}],"about":[{"href":"https:\/\/elfogoncal.com.uy\/web\/index.php?rest_route=\/wp\/v2\/types\/post"}],"author":[{"embeddable":true,"href":"https:\/\/elfogoncal.com.uy\/web\/index.php?rest_route=\/wp\/v2\/users\/1"}],"replies":[{"embeddable":true,"href":"https:\/\/elfogoncal.com.uy\/web\/index.php?rest_route=%2Fwp%2Fv2%2Fcomments&post=1002"}],"version-history":[{"count":6,"href":"https:\/\/elfogoncal.com.uy\/web\/index.php?rest_route=\/wp\/v2\/posts\/1002\/revisions"}],"predecessor-version":[{"id":1011,"href":"https:\/\/elfogoncal.com.uy\/web\/index.php?rest_route=\/wp\/v2\/posts\/1002\/revisions\/1011"}],"wp:attachment":[{"href":"https:\/\/elfogoncal.com.uy\/web\/index.php?rest_route=%2Fwp%2Fv2%2Fmedia&parent=1002"}],"wp:term":[{"taxonomy":"category","embeddable":true,"href":"https:\/\/elfogoncal.com.uy\/web\/index.php?rest_route=%2Fwp%2Fv2%2Fcategories&post=1002"},{"taxonomy":"post_tag","embeddable":true,"href":"https:\/\/elfogoncal.com.uy\/web\/index.php?rest_route=%2Fwp%2Fv2%2Ftags&post=1002"}],"curies":[{"name":"wp","href":"https:\/\/api.w.org\/{rel}","templated":true}]}}